{"id":84963,"date":"2026-04-30T08:35:49","date_gmt":"2026-04-30T11:35:49","guid":{"rendered":"https:\/\/noticiasmotociclisticas.com.br\/?p=84963"},"modified":"2026-04-30T08:35:50","modified_gmt":"2026-04-30T11:35:50","slug":"demissoes-comecam-na-harley-davidson","status":"publish","type":"post","link":"https:\/\/noticiasmotociclisticas.com.br\/?p=84963","title":{"rendered":"Demiss\u00f5es come\u00e7am na Harley-Davidson"},"content":{"rendered":"\n<h3 class=\"wp-block-heading has-vivid-red-color has-text-color has-link-color wp-elements-2f687bb5a668674d9d857a3311ae6e8c\">A Harley-Davidson come\u00e7ou, essa semana, o seu processo de redu\u00e7\u00e3o de custos demitindo os primeiros empregados. A fabricante de motocicletas norte-americana tem mais de 5.000 funcion\u00e1rios em todo o mundo.<\/h3>\n\n\n\n<figure class=\"wp-block-image aligncenter size-full\"><a href=\"https:\/\/noticiasmotociclisticas.com.br\/wp-content\/uploads\/2020\/03\/Harley-Davidson-Pilgrim-Road-Powertrain-Operations-Fabrica-Wisconsin-2017.jpg\"><img loading=\"lazy\" decoding=\"async\" width=\"620\" height=\"360\" src=\"https:\/\/noticiasmotociclisticas.com.br\/wp-content\/uploads\/2020\/03\/Harley-Davidson-Pilgrim-Road-Powertrain-Operations-Fabrica-Wisconsin-2017.jpg\" alt=\"\" class=\"wp-image-47083\" srcset=\"https:\/\/noticiasmotociclisticas.com.br\/wp-content\/uploads\/2020\/03\/Harley-Davidson-Pilgrim-Road-Powertrain-Operations-Fabrica-Wisconsin-2017.jpg 620w, https:\/\/noticiasmotociclisticas.com.br\/wp-content\/uploads\/2020\/03\/Harley-Davidson-Pilgrim-Road-Powertrain-Operations-Fabrica-Wisconsin-2017-300x174.jpg 300w\" sizes=\"auto, (max-width: 620px) 100vw, 620px\" \/><\/a><\/figure>\n\n\n\n<p>A rodada de demiss\u00f5es j\u00e1 havia sido anunciada, ainda que de forma velada, h\u00e1 um m\u00eas pelo novo CEO da Harley, Artie Starrs, como &#8220;medidas direcionadas para estabilizar as opera\u00e7\u00f5es&#8221;. A marca fechou 2025 mais uma vez com os n\u00fameros no vermelho.<\/p>\n\n<script async src=\"https:\/\/pagead2.googlesyndication.com\/pagead\/js\/adsbygoogle.js?client=ca-pub-8336138695442191\"\n     crossorigin=\"anonymous\"><\/script>\n<ins class=\"adsbygoogle\"\n     style=\"display:block; text-align:center;\"\n     data-ad-layout=\"in-article\"\n     data-ad-format=\"fluid\"\n     data-ad-client=\"ca-pub-8336138695442191\"\n     data-ad-slot=\"3523231789\"><\/ins>\n<script>\n     (adsbygoogle = window.adsbygoogle || []).push({});\n<\/script>\n\n<p>Houve uma queda de 12% nas vendas de motocicletas em todo o mundo em 2025 e uma redu\u00e7\u00e3o de 14% na receita, resultando em um preju\u00edzo operacional de US$ 29 milh\u00f5es. Foram vendidas 132.535 motocicletas, menos da metade das 267.999 que sa\u00edram das concession\u00e1rias em 2014.<\/p>\n\n\n\n<p><em>&#8220;Podemos confirmar que alguns funcion\u00e1rios foram notificados hoje (segunda-feira passada) sobre uma redu\u00e7\u00e3o em nossa for\u00e7a de trabalho em todo o mundo, conforme j\u00e1 confirmado anteriormente&#8221;<\/em>, disse um porta-voz da empresa em um e-mail para a R\u00e1dio P\u00fablica de Wisconsin (WPR), cidade sede da Harley.<\/p>\n\n\n\n<p>Starrs foi nomeado presidente e CEO da Harley-Davidson em agosto de 2025, ap\u00f3s a sa\u00edda for\u00e7ada do CEO anterior, Jochen Zeitz, e de v\u00e1rios de seus associados dentro da empresa pelos demais acionistas ap\u00f3s um per\u00edodo de forte controv\u00e9rsia dentro da empresa.<\/p>\n\n\n\n<p>Zeitz, por sua vez, j\u00e1 havia ascendido ao cargo em 2020 para frear a queda iniciada na gest\u00e3o anterior, a de Matt Levatich, dando in\u00edcio a planos de austeridade, como o Harwire e o The Rewire, que n\u00e3o surtiram o efeito desejado. <\/p>\n","protected":false},"excerpt":{"rendered":"<p>A Harley-Davidson come\u00e7ou, essa semana, o seu processo de redu\u00e7\u00e3o de custos demitindo os primeiros empregados. A fabricante<\/p>\n","protected":false},"author":2,"featured_media":47083,"comment_status":"closed","ping_status":"closed","sticky":false,"template":"","format":"standard","meta":{"footnotes":""},"categories":[12],"tags":[],"class_list":["post-84963","post","type-post","status-publish","format-standard","has-post-thumbnail","hentry","category-noticias"],"_links":{"self":[{"href":"https:\/\/noticiasmotociclisticas.com.br\/index.php?rest_route=\/wp\/v2\/posts\/84963","targetHints":{"allow":["GET"]}}],"collection":[{"href":"https:\/\/noticiasmotociclisticas.com.br\/index.php?rest_route=\/wp\/v2\/posts"}],"about":[{"href":"https:\/\/noticiasmotociclisticas.com.br\/index.php?rest_route=\/wp\/v2\/types\/post"}],"author":[{"embeddable":true,"href":"https:\/\/noticiasmotociclisticas.com.br\/index.php?rest_route=\/wp\/v2\/users\/2"}],"replies":[{"embeddable":true,"href":"https:\/\/noticiasmotociclisticas.com.br\/index.php?rest_route=%2Fwp%2Fv2%2Fcomments&post=84963"}],"version-history":[{"count":1,"href":"https:\/\/noticiasmotociclisticas.com.br\/index.php?rest_route=\/wp\/v2\/posts\/84963\/revisions"}],"predecessor-version":[{"id":84964,"href":"https:\/\/noticiasmotociclisticas.com.br\/index.php?rest_route=\/wp\/v2\/posts\/84963\/revisions\/84964"}],"wp:featuredmedia":[{"embeddable":true,"href":"https:\/\/noticiasmotociclisticas.com.br\/index.php?rest_route=\/wp\/v2\/media\/47083"}],"wp:attachment":[{"href":"https:\/\/noticiasmotociclisticas.com.br\/index.php?rest_route=%2Fwp%2Fv2%2Fmedia&parent=84963"}],"wp:term":[{"taxonomy":"category","embeddable":true,"href":"https:\/\/noticiasmotociclisticas.com.br\/index.php?rest_route=%2Fwp%2Fv2%2Fcategories&post=84963"},{"taxonomy":"post_tag","embeddable":true,"href":"https:\/\/noticiasmotociclisticas.com.br\/index.php?rest_route=%2Fwp%2Fv2%2Ftags&post=84963"}],"curies":[{"name":"wp","href":"https:\/\/api.w.org\/{rel}","templated":true}]}}