{"id":84955,"date":"2026-04-29T08:45:11","date_gmt":"2026-04-29T11:45:11","guid":{"rendered":"https:\/\/noticiasmotociclisticas.com.br\/?p=84955"},"modified":"2026-04-29T08:45:12","modified_gmt":"2026-04-29T11:45:12","slug":"ktm-disponibiliza-100-replicas-de-sua-moto-campea-do-dakar-para-venda","status":"publish","type":"post","link":"https:\/\/noticiasmotociclisticas.com.br\/?p=84955","title":{"rendered":"KTM disponibiliza 100 r\u00e9plicas de sua moto campe\u00e3 do Dakar para venda"},"content":{"rendered":"\n<h3 class=\"wp-block-heading has-vivid-red-color has-text-color has-link-color wp-elements-814dd753652be824f98867e719fa2214\">A KTM anunciou a 450 Rally Replica 2027, uma r\u00e9plica quase perfeita da motocicleta campe\u00e3 no Rali Dakar nos \u00faltimos anos com Luciano Benavides e Daniel Sanders. Apenas 100 unidades ser\u00e3o montadas, com um pre\u00e7o \u00e0 altura de sua exclusividade.<\/h3>\n\n\n\n<figure class=\"wp-block-image aligncenter size-large is-resized\"><a href=\"https:\/\/noticiasmotociclisticas.com.br\/wp-content\/uploads\/2026\/04\/KTM-450-Rally-Replica-2026-1.jpg\"><img loading=\"lazy\" decoding=\"async\" width=\"1024\" height=\"683\" src=\"https:\/\/noticiasmotociclisticas.com.br\/wp-content\/uploads\/2026\/04\/KTM-450-Rally-Replica-2026-1-1024x683.jpg\" alt=\"\" class=\"wp-image-84956\" style=\"width:650px\" srcset=\"https:\/\/noticiasmotociclisticas.com.br\/wp-content\/uploads\/2026\/04\/KTM-450-Rally-Replica-2026-1-1024x683.jpg 1024w, https:\/\/noticiasmotociclisticas.com.br\/wp-content\/uploads\/2026\/04\/KTM-450-Rally-Replica-2026-1-300x200.jpg 300w, https:\/\/noticiasmotociclisticas.com.br\/wp-content\/uploads\/2026\/04\/KTM-450-Rally-Replica-2026-1-768x512.jpg 768w, https:\/\/noticiasmotociclisticas.com.br\/wp-content\/uploads\/2026\/04\/KTM-450-Rally-Replica-2026-1.jpg 1200w\" sizes=\"auto, (max-width: 1024px) 100vw, 1024px\" \/><\/a><\/figure>\n\n\n\n<p>O motor \u00e9 um monocil\u00edndrico de 450cc (de acordo com o limite m\u00e1ximo de cilindrada da FIM) com inje\u00e7\u00e3o eletr\u00f4nica e comando de v\u00e1lvulas simples no cabe\u00e7ote, compartilhando grande parte de sua arquitetura com o propulsor SX-F de maior cilindrada da marca.<\/p>\n\n<script async src=\"https:\/\/pagead2.googlesyndication.com\/pagead\/js\/adsbygoogle.js?client=ca-pub-8336138695442191\"\n     crossorigin=\"anonymous\"><\/script>\n<ins class=\"adsbygoogle\"\n     style=\"display:block; text-align:center;\"\n     data-ad-layout=\"in-article\"\n     data-ad-format=\"fluid\"\n     data-ad-client=\"ca-pub-8336138695442191\"\n     data-ad-slot=\"3523231789\"><\/ins>\n<script>\n     (adsbygoogle = window.adsbygoogle || []).push({});\n<\/script>\n\n<p>Ele \u00e9 acoplado a uma caixa de c\u00e2mbio de seis marchas com embreagem hidr\u00e1ulica Brembo e rela\u00e7\u00f5es espec\u00edficas para rali. Sistema de escapamento Akrapovi\u010d de tit\u00e2nio visa manter o peso baixo e a moto respirando da melhor forma poss\u00edvel.<\/p>\n\n\n\n<p>Ao contr\u00e1rio das motos de enduro ou motocross da KTM, a 450 Rally Replica n\u00e3o utiliza um quadro de ber\u00e7o duplo e sim uma estrutura em treli\u00e7a hidroformada, cortada a laser e soldada \u00e0 m\u00e3o &#8220;fabricada com maestria para a combina\u00e7\u00e3o ideal de flexibilidade longitudinal e torsional.&#8221; Considerando seu hist\u00f3rico em competi\u00e7\u00f5es, n\u00e3o duvidamos disso.<\/p>\n\n\n\n<p>A suspens\u00e3o WP \u00e9 totalmente ajust\u00e1vel mecanicamente e est\u00e1 \u00e0 disposi\u00e7\u00e3o para lidar com terrenos acidentados. Ela \u00e9 emprestada do cat\u00e1logo Pro da marca e oferece 304 mm de curso na dianteira e 280 mm na traseira.<\/p>\n\n\n\n<p>Como toda moto de rali profissional, o combust\u00edvel \u00e9 estocado em v\u00e1rios compartimentos \u2013 tr\u00eas nesse caso, que podem ser esvaziados conforme a necessidade do piloto, adaptando-se ao terreno \u2013 resulta em uma generosa capacidade de 34,5 litros.<\/p>\n\n\n\n<p>O cockpit possui uma torre de navega\u00e7\u00e3o em fibra de carbono onde pode ser instalado um aut\u00eantico roadbook, equipamento necess\u00e1rio para os pilotos se localizarem no meio do nada. A ilumina\u00e7\u00e3o da motocicleta \u00e9 totalmente em LED.<\/p>\n\n\n\n<p>A KTM 450 Rally Replica estar\u00e1 dispon\u00edvel em n\u00famero limitado a partir de julho de 2026, nacor laranja da KTM, em vez da op\u00e7\u00e3o predominantemente branca do ano passado, por cerca de 33 mil euros. E haver\u00e1 tamb\u00e9m h\u00e1 uma op\u00e7\u00e3o mais rara e ainda mais cara para aqueles mais fan\u00e1ticos.<\/p>\n\n\n\n<p>Para celebrar a vit\u00f3ria de Luciano Benavides no Dakar de 2026, apenas oito unidades da Factory Edition ser\u00e3o produzidas com pintura Red Bull, detalhes em fibra de carbono, banco Selle Dalla Valle e emblema numerado no quadro.<\/p>\n\n<script async src=\"https:\/\/pagead2.googlesyndication.com\/pagead\/js\/adsbygoogle.js?client=ca-pub-8336138695442191\"\n     crossorigin=\"anonymous\"><\/script>\n<ins class=\"adsbygoogle\"\n     style=\"display:block\"\n     data-ad-format=\"fluid\"\n     data-ad-layout-key=\"-6t+ed+2i-1n-4w\"\n     data-ad-client=\"ca-pub-8336138695442191\"\n     data-ad-slot=\"1046824833\"><\/ins>\n<script>\n     (adsbygoogle = window.adsbygoogle || []).push({});\n<\/script>\n\n<p>Os felizes propriet\u00e1rios receber\u00e3o tratamento VIP no KTM Adventure Rally, na It\u00e1lia, com ingressos esgotados, incluindo uma entrega pessoal por Benavides, uma camisa de corrida autografada e suporte da equipe Red Bull KTM Rally Factory Team durante o evento.<\/p>\n\n\n\n<figure class=\"wp-block-gallery has-nested-images columns-default is-cropped wp-block-gallery-1 is-layout-flex wp-block-gallery-is-layout-flex\">\n<figure class=\"wp-block-image size-large\"><a href=\"https:\/\/noticiasmotociclisticas.com.br\/wp-content\/uploads\/2026\/04\/KTM-450-Rally-Replica-2026-2.jpg\"><img loading=\"lazy\" decoding=\"async\" width=\"1024\" height=\"683\" data-id=\"84957\" src=\"https:\/\/noticiasmotociclisticas.com.br\/wp-content\/uploads\/2026\/04\/KTM-450-Rally-Replica-2026-2-1024x683.jpg\" alt=\"\" class=\"wp-image-84957\" srcset=\"https:\/\/noticiasmotociclisticas.com.br\/wp-content\/uploads\/2026\/04\/KTM-450-Rally-Replica-2026-2-1024x683.jpg 1024w, https:\/\/noticiasmotociclisticas.com.br\/wp-content\/uploads\/2026\/04\/KTM-450-Rally-Replica-2026-2-300x200.jpg 300w, https:\/\/noticiasmotociclisticas.com.br\/wp-content\/uploads\/2026\/04\/KTM-450-Rally-Replica-2026-2-768x512.jpg 768w, https:\/\/noticiasmotociclisticas.com.br\/wp-content\/uploads\/2026\/04\/KTM-450-Rally-Replica-2026-2.jpg 1200w\" sizes=\"auto, (max-width: 1024px) 100vw, 1024px\" \/><\/a><\/figure>\n\n\n\n<figure class=\"wp-block-image size-large\"><a href=\"https:\/\/noticiasmotociclisticas.com.br\/wp-content\/uploads\/2026\/04\/KTM-450-Rally-Replica-2026-3.jpg\"><img loading=\"lazy\" decoding=\"async\" width=\"1024\" height=\"683\" data-id=\"84958\" src=\"https:\/\/noticiasmotociclisticas.com.br\/wp-content\/uploads\/2026\/04\/KTM-450-Rally-Replica-2026-3-1024x683.jpg\" alt=\"\" class=\"wp-image-84958\" srcset=\"https:\/\/noticiasmotociclisticas.com.br\/wp-content\/uploads\/2026\/04\/KTM-450-Rally-Replica-2026-3-1024x683.jpg 1024w, https:\/\/noticiasmotociclisticas.com.br\/wp-content\/uploads\/2026\/04\/KTM-450-Rally-Replica-2026-3-300x200.jpg 300w, https:\/\/noticiasmotociclisticas.com.br\/wp-content\/uploads\/2026\/04\/KTM-450-Rally-Replica-2026-3-768x512.jpg 768w, https:\/\/noticiasmotociclisticas.com.br\/wp-content\/uploads\/2026\/04\/KTM-450-Rally-Replica-2026-3.jpg 1200w\" sizes=\"auto, (max-width: 1024px) 100vw, 1024px\" \/><\/a><\/figure>\n\n\n\n<figure class=\"wp-block-image size-large\"><a href=\"https:\/\/noticiasmotociclisticas.com.br\/wp-content\/uploads\/2026\/04\/KTM-450-Rally-Replica-2026-4.jpg\"><img loading=\"lazy\" decoding=\"async\" width=\"1024\" height=\"683\" data-id=\"84960\" src=\"https:\/\/noticiasmotociclisticas.com.br\/wp-content\/uploads\/2026\/04\/KTM-450-Rally-Replica-2026-4-1024x683.jpg\" alt=\"\" class=\"wp-image-84960\" srcset=\"https:\/\/noticiasmotociclisticas.com.br\/wp-content\/uploads\/2026\/04\/KTM-450-Rally-Replica-2026-4-1024x683.jpg 1024w, https:\/\/noticiasmotociclisticas.com.br\/wp-content\/uploads\/2026\/04\/KTM-450-Rally-Replica-2026-4-300x200.jpg 300w, https:\/\/noticiasmotociclisticas.com.br\/wp-content\/uploads\/2026\/04\/KTM-450-Rally-Replica-2026-4-768x512.jpg 768w, https:\/\/noticiasmotociclisticas.com.br\/wp-content\/uploads\/2026\/04\/KTM-450-Rally-Replica-2026-4.jpg 1200w\" sizes=\"auto, (max-width: 1024px) 100vw, 1024px\" \/><\/a><\/figure>\n\n\n\n<figure class=\"wp-block-image size-large\"><a href=\"https:\/\/noticiasmotociclisticas.com.br\/wp-content\/uploads\/2026\/04\/KTM-450-Rally-Replica-2026-5.jpg\"><img loading=\"lazy\" decoding=\"async\" width=\"1024\" height=\"683\" data-id=\"84961\" src=\"https:\/\/noticiasmotociclisticas.com.br\/wp-content\/uploads\/2026\/04\/KTM-450-Rally-Replica-2026-5-1024x683.jpg\" alt=\"\" class=\"wp-image-84961\" srcset=\"https:\/\/noticiasmotociclisticas.com.br\/wp-content\/uploads\/2026\/04\/KTM-450-Rally-Replica-2026-5-1024x683.jpg 1024w, https:\/\/noticiasmotociclisticas.com.br\/wp-content\/uploads\/2026\/04\/KTM-450-Rally-Replica-2026-5-300x200.jpg 300w, https:\/\/noticiasmotociclisticas.com.br\/wp-content\/uploads\/2026\/04\/KTM-450-Rally-Replica-2026-5-768x512.jpg 768w, https:\/\/noticiasmotociclisticas.com.br\/wp-content\/uploads\/2026\/04\/KTM-450-Rally-Replica-2026-5.jpg 1200w\" sizes=\"auto, (max-width: 1024px) 100vw, 1024px\" \/><\/a><\/figure>\n\n\n\n<figure class=\"wp-block-image size-large\"><a href=\"https:\/\/noticiasmotociclisticas.com.br\/wp-content\/uploads\/2026\/04\/KTM-450-Rally-Replica-2026-6.jpg\"><img loading=\"lazy\" decoding=\"async\" width=\"1024\" height=\"683\" data-id=\"84959\" src=\"https:\/\/noticiasmotociclisticas.com.br\/wp-content\/uploads\/2026\/04\/KTM-450-Rally-Replica-2026-6-1024x683.jpg\" alt=\"\" class=\"wp-image-84959\" srcset=\"https:\/\/noticiasmotociclisticas.com.br\/wp-content\/uploads\/2026\/04\/KTM-450-Rally-Replica-2026-6-1024x683.jpg 1024w, https:\/\/noticiasmotociclisticas.com.br\/wp-content\/uploads\/2026\/04\/KTM-450-Rally-Replica-2026-6-300x200.jpg 300w, https:\/\/noticiasmotociclisticas.com.br\/wp-content\/uploads\/2026\/04\/KTM-450-Rally-Replica-2026-6-768x512.jpg 768w, https:\/\/noticiasmotociclisticas.com.br\/wp-content\/uploads\/2026\/04\/KTM-450-Rally-Replica-2026-6.jpg 1200w\" sizes=\"auto, (max-width: 1024px) 100vw, 1024px\" \/><\/a><\/figure>\n<\/figure>\n\n\n\n<p><br \/><br \/><\/p>\n","protected":false},"excerpt":{"rendered":"<p>A KTM anunciou a 450 Rally Replica 2027, uma r\u00e9plica quase perfeita da motocicleta campe\u00e3 no Rali Dakar<\/p>\n","protected":false},"author":2,"featured_media":84958,"comment_status":"closed","ping_status":"closed","sticky":false,"template":"","format":"standard","meta":{"footnotes":""},"categories":[12],"tags":[67],"class_list":["post-84955","post","type-post","status-publish","format-standard","has-post-thumbnail","hentry","category-noticias","tag-slider-2"],"_links":{"self":[{"href":"https:\/\/noticiasmotociclisticas.com.br\/index.php?rest_route=\/wp\/v2\/posts\/84955","targetHints":{"allow":["GET"]}}],"collection":[{"href":"https:\/\/noticiasmotociclisticas.com.br\/index.php?rest_route=\/wp\/v2\/posts"}],"about":[{"href":"https:\/\/noticiasmotociclisticas.com.br\/index.php?rest_route=\/wp\/v2\/types\/post"}],"author":[{"embeddable":true,"href":"https:\/\/noticiasmotociclisticas.com.br\/index.php?rest_route=\/wp\/v2\/users\/2"}],"replies":[{"embeddable":true,"href":"https:\/\/noticiasmotociclisticas.com.br\/index.php?rest_route=%2Fwp%2Fv2%2Fcomments&post=84955"}],"version-history":[{"count":1,"href":"https:\/\/noticiasmotociclisticas.com.br\/index.php?rest_route=\/wp\/v2\/posts\/84955\/revisions"}],"predecessor-version":[{"id":84962,"href":"https:\/\/noticiasmotociclisticas.com.br\/index.php?rest_route=\/wp\/v2\/posts\/84955\/revisions\/84962"}],"wp:featuredmedia":[{"embeddable":true,"href":"https:\/\/noticiasmotociclisticas.com.br\/index.php?rest_route=\/wp\/v2\/media\/84958"}],"wp:attachment":[{"href":"https:\/\/noticiasmotociclisticas.com.br\/index.php?rest_route=%2Fwp%2Fv2%2Fmedia&parent=84955"}],"wp:term":[{"taxonomy":"category","embeddable":true,"href":"https:\/\/noticiasmotociclisticas.com.br\/index.php?rest_route=%2Fwp%2Fv2%2Fcategories&post=84955"},{"taxonomy":"post_tag","embeddable":true,"href":"https:\/\/noticiasmotociclisticas.com.br\/index.php?rest_route=%2Fwp%2Fv2%2Ftags&post=84955"}],"curies":[{"name":"wp","href":"https:\/\/api.w.org\/{rel}","templated":true}]}}