{"id":82886,"date":"2025-10-26T09:51:37","date_gmt":"2025-10-26T12:51:37","guid":{"rendered":"https:\/\/noticiasmotociclisticas.com.br\/?p=82886"},"modified":"2025-10-29T11:49:19","modified_gmt":"2025-10-29T14:49:19","slug":"acidente-feio-na-moto3-noah-dettwiler-luta-pela-vida","status":"publish","type":"post","link":"https:\/\/noticiasmotociclisticas.com.br\/?p=82886","title":{"rendered":"Acidente feio na Moto3: Noah Dettwiler luta pela vida"},"content":{"rendered":"\n<h3 class=\"wp-block-heading has-vivid-red-color has-text-color has-link-color wp-elements-6af380253e917b1c9867efbab585782b\">O GP da Mal\u00e1sia de Moto3 nem havia come\u00e7ado quando um grande acidente aconteceu na volta de apresenta\u00e7\u00e3o com Jose Antonio Rueda e Noah Dettwiler. As primeiras informa\u00e7\u00f5es d\u00e3o conta que o piloto su\u00ed\u00e7o teve uma parada cardi\u00e1ca e luta pela vida.<\/h3>\n\n\n\n<figure class=\"wp-block-image aligncenter size-full is-resized\"><a href=\"https:\/\/noticiasmotociclisticas.com.br\/wp-content\/uploads\/2025\/10\/GP-da-Malasia-de-Moto3-2025-acidente-entre-Jose-Antoniio-Rueda-e-Noah-Dettwiler-2.jpg\"><img decoding=\"async\" src=\"https:\/\/noticiasmotociclisticas.com.br\/wp-content\/uploads\/2025\/10\/GP-da-Malasia-de-Moto3-2025-acidente-entre-Jose-Antoniio-Rueda-e-Noah-Dettwiler-2.jpg\" alt=\"\" class=\"wp-image-82888\" style=\"width:650px\"\/><\/a><\/figure>\n\n\n\n<p>Dettwiler, de 20 anos, foi atingido com extrema viol\u00eancia por tr\u00e1s durante a volta de aquecimento, alegadamente porque estava com problemas t\u00e9cnicos em sua KTM, movendo-se mais lento do que o normal na linha r\u00e1pida da pista. A largada foi imediatamente abortada.<\/p>\n\n\n<p><script async src=\"https:\/\/pagead2.googlesyndication.com\/pagead\/js\/adsbygoogle.js?client=ca-pub-8336138695442191\"\n     crossorigin=\"anonymous\"><\/script><br \/>\n<ins class=\"adsbygoogle\"\n     style=\"display:block; text-align:center;\"\n     data-ad-layout=\"in-article\"\n     data-ad-format=\"fluid\"\n     data-ad-client=\"ca-pub-8336138695442191\"\n     data-ad-slot=\"3523231789\"><\/ins><br \/>\n<script><br \/>\n     (adsbygoogle = window.adsbygoogle || []).push({});<br \/>\n<\/script><\/p>\n\n\n<p>Ap\u00f3s 45 minutos de atendimento ainda na pista, ambos os pilotos foram levados de helic\u00f3ptero para um hospital em Kuala Lumpur. Rueda sofreu um traumatismo cerebral, trauma tor\u00e1cico e uma fratura na m\u00e3o. Ele ser\u00e1 submetido a uma cirurgia, mas est\u00e1 consciente e fora de perigo.<\/p>\n\n\n\n<p>A situa\u00e7\u00e3o de Dettwiler \u00e9 mais s\u00e9ria. O piloto su\u00ed\u00e7o teve v\u00e1rias paradas card\u00edacas, uma concuss\u00e3o e uma perda significativa de sangue na pista. Al\u00e9m de uma fratura exposta na perna, seu ba\u00e7o e pulm\u00f5es tamb\u00e9m foram danificados. De acordo com sua equipe, ele ser\u00e1 submetido &#8220;a v\u00e1rias cirurgias&#8221; nas pr\u00f3ximas horas.<\/p>\n\n\n\n<p>Os organizadores encurtaram a corrida da Moto3 para dez voltas. O vencedor foi Taiyo Furusato, sua primeira vit\u00f3ria na categoria iniciante. A prova da Moto2 foi movida para depois da MotoGP, que prosseguiu conforme o planejado. Mas o acidente definitivamente baixou o astral do evento.<\/p>\n\n\n\n<p>Lembrando que o GP da Mal\u00e1sia em Sepang j\u00e1 viveu um drama semelhante em 24 de outubro de 2011, quando Marco Simoncelli perdeu o controle de sua moto na segunda volta da corrida de MotoGP e foi atingido por Valentino Rossi e Colin Edwards. O promissor piloto italiano veio a \u00f3bito logo em seguida.<\/p>\n\n\n\n<p>O acidente entre Rueda e Dettwiler tamb\u00e9m tem uma din\u00e2mica parecida com aquele sofrido por Marc M\u00e1rquez e Ratthapark Wilairot durante os treinos livres para o GP da Austr\u00e1lia de Moto2 em 2011. O espanhol acertou o tailand\u00eas em cheio por tr\u00e1s e por muito pouco os dois pilotos n\u00e3o tiveram les\u00f5es permanentes.<\/p>\n\n\n\n<p>Nos \u00faltimos anos, as fatalidades do Mundial se concentraram na categoria inicial, a Moto3. O acidente reacendeu a discuss\u00e3o sobre a maturidade dos pilotos: <em>&#8220;Por que Noah estava pilotando na linha de corrida com um defeito? Por que Rueda n\u00e3o est\u00e1 olhando para frente na volta de reconhecimento?&#8221;<\/em> indagou o ex-piloto Alex Hoffmann, hoje comentarista da ServusTV.<\/p>\n\n\n<p><script async src=\"https:\/\/pagead2.googlesyndication.com\/pagead\/js\/adsbygoogle.js?client=ca-pub-8336138695442191\"\n     crossorigin=\"anonymous\"><\/script><br \/><ins class=\"adsbygoogle\" style=\"display: block;\" data-ad-format=\"fluid\" data-ad-layout-key=\"-6t+ed+2i-1n-4w\" data-ad-client=\"ca-pub-8336138695442191\" data-ad-slot=\"1046824833\"><\/ins><br \/><script><br \/>\n     (adsbygoogle = window.adsbygoogle || []).push({});<br \/>\n<\/script><\/p>\n\n\n<p><strong>ATUALIZA\u00c7\u00c3O [27\/10\/25]<em>: <\/em><\/strong><em>&#8220;Noah passou por v\u00e1rias cirurgias nas \u00faltimas horas, que correram bem. De acordo com os m\u00e9dicos respons\u00e1veis, seu estado de sa\u00fade \u00e9 est\u00e1vel, mas ainda cr\u00edtico&#8221;<\/em> disse a sua equipe, CIP Green Power, que pediu aos interessados respeito \u00e0 privacidade da fam\u00edlia.<\/p>\n\n\n\n<p><strong>ATUALIZA\u00c7\u00c3O [29\/10\/25]:<\/strong> comunicado oficial conjunto da equipe de Dettwiler, CIP Green Power, e de sua fam\u00edlia: <em>&#8220;De acordo com os m\u00e9dicos que o tratam, o estado de sa\u00fade de Noah agora \u00e9 est\u00e1vel e n\u00e3o \u00e9 mais cr\u00edtico. Ele permanece na UTI e est\u00e1 sendo monitorado de perto. Agradecemos a todos pelo apoio sincero!&#8221;<\/em><\/p>\n","protected":false},"excerpt":{"rendered":"<p>O GP da Mal\u00e1sia de Moto3 nem havia come\u00e7ado quando um grande acidente aconteceu na volta de apresenta\u00e7\u00e3o<\/p>\n","protected":false},"author":2,"featured_media":0,"comment_status":"closed","ping_status":"closed","sticky":false,"template":"","format":"standard","meta":{"footnotes":""},"categories":[2],"tags":[],"class_list":["post-82886","post","type-post","status-publish","format-standard","hentry","category-moto-3"],"_links":{"self":[{"href":"https:\/\/noticiasmotociclisticas.com.br\/index.php?rest_route=\/wp\/v2\/posts\/82886","targetHints":{"allow":["GET"]}}],"collection":[{"href":"https:\/\/noticiasmotociclisticas.com.br\/index.php?rest_route=\/wp\/v2\/posts"}],"about":[{"href":"https:\/\/noticiasmotociclisticas.com.br\/index.php?rest_route=\/wp\/v2\/types\/post"}],"author":[{"embeddable":true,"href":"https:\/\/noticiasmotociclisticas.com.br\/index.php?rest_route=\/wp\/v2\/users\/2"}],"replies":[{"embeddable":true,"href":"https:\/\/noticiasmotociclisticas.com.br\/index.php?rest_route=%2Fwp%2Fv2%2Fcomments&post=82886"}],"version-history":[{"count":9,"href":"https:\/\/noticiasmotociclisticas.com.br\/index.php?rest_route=\/wp\/v2\/posts\/82886\/revisions"}],"predecessor-version":[{"id":82979,"href":"https:\/\/noticiasmotociclisticas.com.br\/index.php?rest_route=\/wp\/v2\/posts\/82886\/revisions\/82979"}],"wp:attachment":[{"href":"https:\/\/noticiasmotociclisticas.com.br\/index.php?rest_route=%2Fwp%2Fv2%2Fmedia&parent=82886"}],"wp:term":[{"taxonomy":"category","embeddable":true,"href":"https:\/\/noticiasmotociclisticas.com.br\/index.php?rest_route=%2Fwp%2Fv2%2Fcategories&post=82886"},{"taxonomy":"post_tag","embeddable":true,"href":"https:\/\/noticiasmotociclisticas.com.br\/index.php?rest_route=%2Fwp%2Fv2%2Ftags&post=82886"}],"curies":[{"name":"wp","href":"https:\/\/api.w.org\/{rel}","templated":true}]}}