{"id":78164,"date":"2024-12-09T08:43:53","date_gmt":"2024-12-09T11:43:53","guid":{"rendered":"https:\/\/noticiasmotociclisticas.com.br\/?p=78164"},"modified":"2024-12-09T09:02:43","modified_gmt":"2024-12-09T12:02:43","slug":"lewis-hamilton-assumindo-o-comando-das-equipes-ktm-esse-e-o-rumor-do-momento","status":"publish","type":"post","link":"https:\/\/noticiasmotociclisticas.com.br\/?p=78164","title":{"rendered":"Lewis Hamilton assumindo o comando das equipes KTM? Esse \u00e9 o rumor do momento"},"content":{"rendered":"\n<h3 class=\"wp-block-heading has-vivid-red-color has-text-color has-link-color wp-elements-ead7da93073b516f57e1b03352d4baf2\">Tendo a crise da KTM se tornado p\u00fablica, todo o tipo de rumor come\u00e7a a surgir e esse \u00e9 o mais ins\u00f3lito deles: Lewis Hamilton estaria disposto a assumir o comando da equipe austr\u00edaca na MotoGP a partir de 2026.<\/h3>\n\n\n\n<figure class=\"wp-block-image aligncenter size-large is-resized\"><a href=\"https:\/\/noticiasmotociclisticas.com.br\/wp-content\/uploads\/2024\/12\/Lewis-Hamilton-2024.webp\"><img loading=\"lazy\" decoding=\"async\" width=\"1024\" height=\"773\" src=\"https:\/\/noticiasmotociclisticas.com.br\/wp-content\/uploads\/2024\/12\/Lewis-Hamilton-2024-1024x773.webp\" alt=\"\" class=\"wp-image-78165\" style=\"width:650px\" srcset=\"https:\/\/noticiasmotociclisticas.com.br\/wp-content\/uploads\/2024\/12\/Lewis-Hamilton-2024-1024x773.webp 1024w, https:\/\/noticiasmotociclisticas.com.br\/wp-content\/uploads\/2024\/12\/Lewis-Hamilton-2024-300x226.webp 300w, https:\/\/noticiasmotociclisticas.com.br\/wp-content\/uploads\/2024\/12\/Lewis-Hamilton-2024-768x580.webp 768w, https:\/\/noticiasmotociclisticas.com.br\/wp-content\/uploads\/2024\/12\/Lewis-Hamilton-2024.webp 1280w\" sizes=\"auto, (max-width: 1024px) 100vw, 1024px\" \/><\/a><\/figure>\n\n\n\n<p>Em 2025, o Pierer Mobility, grupo que gerencia as marcas KTM, Husqvarna, GasGas e parte da MV Agusta vai ter que apresentar um plano de recupera\u00e7\u00e3o economica se quiser continuar existindo. Naturalmente algumas arestas ter\u00e3o que ser podadas e o departamento esportivo \u00e9 o primeiro que pensamos.<\/p>\n\n\n<p><script async src=\"https:\/\/pagead2.googlesyndication.com\/pagead\/js\/adsbygoogle.js?client=ca-pub-8336138695442191\"\n     crossorigin=\"anonymous\"><\/script><br \/>\n<ins class=\"adsbygoogle\"\n     style=\"display:block; text-align:center;\"\n     data-ad-layout=\"in-article\"\n     data-ad-format=\"fluid\"\n     data-ad-client=\"ca-pub-8336138695442191\"\n     data-ad-slot=\"3523231789\"><\/ins><br \/>\n<script><br \/>\n     (adsbygoogle = window.adsbygoogle || []).push({});<br \/>\n<\/script><\/p>\n\n\n<p>Apesar de KTM Motorsport afirmar que tudo segue como anteriormente planejado para 2025, o desenvolvimento das motocicletas ser\u00e1 limitado e apenas o pr\u00f3ximo ano parece garantido. O que acontece al\u00e9m disso \u00e9 uma tela em branco.<\/p>\n\n\n\n<p>\u00c9 a\u00ed que entra Lewis Hamilton. De acordo com alguns ve\u00edculos de imprensa europeus, o heptacampe\u00e3o de F\u00f3rmula 1 estaria disposto a assumir os slots da fabricante austr\u00edaca caso eles decidam pular fora da MotoGP ap\u00f3s 2025. Uma manobra que teria a ben\u00e7\u00e3o da Dorna e da Liberty Media.<\/p>\n\n\n\n<p>N\u00e3o \u00e9 a primeira vez que Hamilton \u00e9 vinculado a esse tipo de not\u00edcia. No primeiro semestre desse ano, foi dito que o ingl\u00eas <a href=\"https:\/\/noticiasmotociclisticas.com.br\/lewis-hamilton-comprando-a-equipe-gresini-que-historia-e-essa\/\">iria assumir o controle da equipe Gresini Racing<\/a> e at\u00e9 mandou um representante para o GP da Holanda para negociar a quest\u00e3o, o que aparentemente n\u00e3o deu em nada.<\/p>\n\n\n\n<figure class=\"wp-block-image aligncenter size-full is-resized\"><a href=\"https:\/\/noticiasmotociclisticas.com.br\/wp-content\/uploads\/2019\/12\/Valentino-Rossi-e-Lewis-Hamilton.webp\"><img loading=\"lazy\" decoding=\"async\" width=\"774\" height=\"482\" src=\"https:\/\/noticiasmotociclisticas.com.br\/wp-content\/uploads\/2019\/12\/Valentino-Rossi-e-Lewis-Hamilton.webp\" alt=\"\" class=\"wp-image-78167\" style=\"width:650px\" srcset=\"https:\/\/noticiasmotociclisticas.com.br\/wp-content\/uploads\/2019\/12\/Valentino-Rossi-e-Lewis-Hamilton.webp 774w, https:\/\/noticiasmotociclisticas.com.br\/wp-content\/uploads\/2019\/12\/Valentino-Rossi-e-Lewis-Hamilton-300x187.webp 300w, https:\/\/noticiasmotociclisticas.com.br\/wp-content\/uploads\/2019\/12\/Valentino-Rossi-e-Lewis-Hamilton-768x478.webp 768w\" sizes=\"auto, (max-width: 774px) 100vw, 774px\" \/><\/a><\/figure>\n\n\n\n<p>Hamilton \u00e9 um grande f\u00e3 de motos de alta cilindrada, especialmente da MV Agusta, com a qual trabalhou em colabora\u00e7\u00e3o entre 2016 e 2017 (na \u00e9poca pr\u00f3xima da Mercedes-Benz) no desenvolvimento de um modelo com seu nome, a <a href=\"https:\/\/noticiasmotociclisticas.com.br\/veja-a-nova-mv-agusta-f4-personalizada-por-lewis-hamilton\/\">F4 LH44<\/a>.<\/p>\n\n\n\n<p>Em 2019, Hamilton experimentou pela primeira vez uma MotoGP ao trocar de assentos com Valentino Rossi no circuito de Val\u00eancia, na Espanha. O teste, no entanto, s\u00f3 se tornou poss\u00edvel gra\u00e7as a um patrocinador comum entre as duas equipes, a Monster Energy.<\/p>\n\n\n\n<p>Agora nas m\u00e3os da Liberty Media, a mesma empresa propriet\u00e1ria da F\u00f3rmula 1, um processo de &#8220;estreitamento&#8221; entre as duas categorias deve come\u00e7ar a ser visto a partir de 2025. O novo logotipo, apresentado nas \u00faltimas semanas, por exemplo, utiliza a mesma fonte da F1.<\/p>\n","protected":false},"excerpt":{"rendered":"<p>Tendo a crise da KTM se tornado p\u00fablica, todo o tipo de rumor come\u00e7a a surgir e esse<\/p>\n","protected":false},"author":2,"featured_media":78165,"comment_status":"closed","ping_status":"closed","sticky":false,"template":"","format":"standard","meta":{"footnotes":""},"categories":[7],"tags":[],"class_list":["post-78164","post","type-post","status-publish","format-standard","has-post-thumbnail","hentry","category-motogp"],"_links":{"self":[{"href":"https:\/\/noticiasmotociclisticas.com.br\/index.php?rest_route=\/wp\/v2\/posts\/78164","targetHints":{"allow":["GET"]}}],"collection":[{"href":"https:\/\/noticiasmotociclisticas.com.br\/index.php?rest_route=\/wp\/v2\/posts"}],"about":[{"href":"https:\/\/noticiasmotociclisticas.com.br\/index.php?rest_route=\/wp\/v2\/types\/post"}],"author":[{"embeddable":true,"href":"https:\/\/noticiasmotociclisticas.com.br\/index.php?rest_route=\/wp\/v2\/users\/2"}],"replies":[{"embeddable":true,"href":"https:\/\/noticiasmotociclisticas.com.br\/index.php?rest_route=%2Fwp%2Fv2%2Fcomments&post=78164"}],"version-history":[{"count":2,"href":"https:\/\/noticiasmotociclisticas.com.br\/index.php?rest_route=\/wp\/v2\/posts\/78164\/revisions"}],"predecessor-version":[{"id":78173,"href":"https:\/\/noticiasmotociclisticas.com.br\/index.php?rest_route=\/wp\/v2\/posts\/78164\/revisions\/78173"}],"wp:featuredmedia":[{"embeddable":true,"href":"https:\/\/noticiasmotociclisticas.com.br\/index.php?rest_route=\/wp\/v2\/media\/78165"}],"wp:attachment":[{"href":"https:\/\/noticiasmotociclisticas.com.br\/index.php?rest_route=%2Fwp%2Fv2%2Fmedia&parent=78164"}],"wp:term":[{"taxonomy":"category","embeddable":true,"href":"https:\/\/noticiasmotociclisticas.com.br\/index.php?rest_route=%2Fwp%2Fv2%2Fcategories&post=78164"},{"taxonomy":"post_tag","embeddable":true,"href":"https:\/\/noticiasmotociclisticas.com.br\/index.php?rest_route=%2Fwp%2Fv2%2Ftags&post=78164"}],"curies":[{"name":"wp","href":"https:\/\/api.w.org\/{rel}","templated":true}]}}