{"id":77945,"date":"2024-11-18T14:28:59","date_gmt":"2024-11-18T17:28:59","guid":{"rendered":"https:\/\/noticiasmotociclisticas.com.br\/?p=77945"},"modified":"2024-11-18T14:32:17","modified_gmt":"2024-11-18T17:32:17","slug":"presidente-da-harley-davidson-confirma-cooperacao-com-a-motogp","status":"publish","type":"post","link":"https:\/\/noticiasmotociclisticas.com.br\/?p=77945","title":{"rendered":"Presidente da Harley-Davidson confirma coopera\u00e7\u00e3o com a MotoGP"},"content":{"rendered":"\n<h3 class=\"wp-block-heading has-vivid-red-color has-text-color has-link-color wp-elements-9e8694cb24cf62a9e0876c1debce79f7\">O CEO da Harley-Davidson Jochen Zeitz compareceu \u00e0 final da MotoGP no \u00faltimo fim de semana em Barcelona. Um acordo comercial est\u00e1 em andamento para colocar a categoria &#8220;King of Baggers\u201d na Europa em 2025.<\/h3>\n\n\n\n<figure class=\"wp-block-image aligncenter size-full is-resized\"><a href=\"https:\/\/noticiasmotociclisticas.com.br\/wp-content\/uploads\/2024\/11\/Jochen-Zeitz-Carmelo-Ezpeleta-e-Carlos-Ezpeleta-NOV24.jpg\"><img loading=\"lazy\" decoding=\"async\" width=\"750\" height=\"500\" src=\"https:\/\/noticiasmotociclisticas.com.br\/wp-content\/uploads\/2024\/11\/Jochen-Zeitz-Carmelo-Ezpeleta-e-Carlos-Ezpeleta-NOV24.jpg\" alt=\"\" class=\"wp-image-77946\" style=\"width:650px\" srcset=\"https:\/\/noticiasmotociclisticas.com.br\/wp-content\/uploads\/2024\/11\/Jochen-Zeitz-Carmelo-Ezpeleta-e-Carlos-Ezpeleta-NOV24.jpg 750w, https:\/\/noticiasmotociclisticas.com.br\/wp-content\/uploads\/2024\/11\/Jochen-Zeitz-Carmelo-Ezpeleta-e-Carlos-Ezpeleta-NOV24-300x200.jpg 300w\" sizes=\"auto, (max-width: 750px) 100vw, 750px\" \/><\/a><\/figure>\n\n\n\n<p>Na presen\u00e7a do CEO da Dorna, Carmelo Ezpeleta, e do seu filho Carlos (diretor da empresa de marketing da MotoGP), Zeitz confirmou as inten\u00e7\u00f5es da empresa de Milwaukee de trazer o campeonato que acontece como preliminar do MotoAmerica nos EUA.<\/p>\n\n\n<p><script async src=\"https:\/\/pagead2.googlesyndication.com\/pagead\/js\/adsbygoogle.js?client=ca-pub-8336138695442191\"\n     crossorigin=\"anonymous\"><\/script><br \/>\n<ins class=\"adsbygoogle\"\n     style=\"display:block; text-align:center;\"\n     data-ad-layout=\"in-article\"\n     data-ad-format=\"fluid\"\n     data-ad-client=\"ca-pub-8336138695442191\"\n     data-ad-slot=\"3523231789\"><\/ins><br \/>\n<script><br \/>\n     (adsbygoogle = window.adsbygoogle || []).push({});<br \/>\n<\/script><\/p>\n\n\n<p>\u201c<em>J\u00e1 tivemos a oportunidade de ver a nossa King Of Baggers competir no programa de MotoGP nos EUA. Acreditamos nesta s\u00e9rie. \u00c9 inovadora, desempenhamos um papel decisivo na sua forma\u00e7\u00e3o \u2013 e tamb\u00e9m gostar\u00edamos de ver esta s\u00e9rie internacionalmente<\/em>&#8220;, disse Zeitz. <em>&#8220;A conex\u00e3o com a Liberty Media tamb\u00e9m poderia liberar mais energia aqui.\u201d<\/em><\/p>\n\n\n\n<p>A King Of Baggers come\u00e7ou h\u00e1 alguns anos quase como uma brincadeira no circuito de Laguna Seca. Para a surpresa de todos, a recep\u00e7\u00e3o foi muito boa e hoje \u00e9 um campeonato bem disputado no MotoAmerica, entre a Harley-Davidson e a Indian. Sim, os rivais tamb\u00e9m est\u00e3o nesse barco.<\/p>\n\n\n\n<p><em>&#8220;A Harley-Davidson \u00e9 uma marca conhecida e inspiradora. No entanto, nem todos ter\u00e3o em mente a grande hist\u00f3ria do fabricante nas corridas, mas vamos mudar isso&#8221;<\/em>, disse o CEO da Dorna, Carmelo Ezpeleta. <em>&#8220;A Harley desempenha um papel extraordin\u00e1rio nos EUA e essa \u00e9 uma das raz\u00f5es pelas quais queremos estabelecer uma colabora\u00e7\u00e3o de longo prazo\u201d.<\/em><\/p>\n\n\n\n<p>A gra\u00e7a \u00e9 contornar as limita\u00e7\u00f5es t\u00e9cnicas das <em>baggers<\/em> &#8211; que pesam cerca de 240 quilos &#8211; e seus alforjes laterais pelos circuitos de competi\u00e7\u00e3o. E, como toda boa competi\u00e7\u00e3o, a evolu\u00e7\u00e3o foi not\u00e1vel: na \u00faltima etapa em Austin, os melhores pilotos foram apenas 5 segundos mais lentos do que a Moto2.<\/p>\n\n\n<p><script async src=\"https:\/\/pagead2.googlesyndication.com\/pagead\/js\/adsbygoogle.js?client=ca-pub-8336138695442191\"\n     crossorigin=\"anonymous\"><\/script><br \/>\n<ins class=\"adsbygoogle\"\n     style=\"display:block\"\n     data-ad-format=\"fluid\"\n     data-ad-layout-key=\"-6t+ed+2i-1n-4w\"\n     data-ad-client=\"ca-pub-8336138695442191\"\n     data-ad-slot=\"1046824833\"><\/ins><br \/>\n<script><br \/>\n     (adsbygoogle = window.adsbygoogle || []).push({});<br \/>\n<\/script><\/p>\n\n\n<p>Assim que a aquisi\u00e7\u00e3o da Dorna pela Liberty Media for conclu\u00edda, o importante mercado norte-americano tornar-se-\u00e1 um foco ainda maior de atividades no meio da MotoGP. Certamente a Harley-Davidson est\u00e1 de olho nessa oportunidade para renovar o seu p\u00fablico.<\/p>\n","protected":false},"excerpt":{"rendered":"<p>O CEO da Harley-Davidson Jochen Zeitz compareceu \u00e0 final da MotoGP no \u00faltimo fim de semana em Barcelona.<\/p>\n","protected":false},"author":2,"featured_media":77947,"comment_status":"closed","ping_status":"closed","sticky":false,"template":"","format":"standard","meta":{"footnotes":""},"categories":[7],"tags":[],"class_list":["post-77945","post","type-post","status-publish","format-standard","has-post-thumbnail","hentry","category-motogp"],"_links":{"self":[{"href":"https:\/\/noticiasmotociclisticas.com.br\/index.php?rest_route=\/wp\/v2\/posts\/77945","targetHints":{"allow":["GET"]}}],"collection":[{"href":"https:\/\/noticiasmotociclisticas.com.br\/index.php?rest_route=\/wp\/v2\/posts"}],"about":[{"href":"https:\/\/noticiasmotociclisticas.com.br\/index.php?rest_route=\/wp\/v2\/types\/post"}],"author":[{"embeddable":true,"href":"https:\/\/noticiasmotociclisticas.com.br\/index.php?rest_route=\/wp\/v2\/users\/2"}],"replies":[{"embeddable":true,"href":"https:\/\/noticiasmotociclisticas.com.br\/index.php?rest_route=%2Fwp%2Fv2%2Fcomments&post=77945"}],"version-history":[{"count":2,"href":"https:\/\/noticiasmotociclisticas.com.br\/index.php?rest_route=\/wp\/v2\/posts\/77945\/revisions"}],"predecessor-version":[{"id":77949,"href":"https:\/\/noticiasmotociclisticas.com.br\/index.php?rest_route=\/wp\/v2\/posts\/77945\/revisions\/77949"}],"wp:featuredmedia":[{"embeddable":true,"href":"https:\/\/noticiasmotociclisticas.com.br\/index.php?rest_route=\/wp\/v2\/media\/77947"}],"wp:attachment":[{"href":"https:\/\/noticiasmotociclisticas.com.br\/index.php?rest_route=%2Fwp%2Fv2%2Fmedia&parent=77945"}],"wp:term":[{"taxonomy":"category","embeddable":true,"href":"https:\/\/noticiasmotociclisticas.com.br\/index.php?rest_route=%2Fwp%2Fv2%2Fcategories&post=77945"},{"taxonomy":"post_tag","embeddable":true,"href":"https:\/\/noticiasmotociclisticas.com.br\/index.php?rest_route=%2Fwp%2Fv2%2Ftags&post=77945"}],"curies":[{"name":"wp","href":"https:\/\/api.w.org\/{rel}","templated":true}]}}