{"id":77937,"date":"2024-11-18T07:30:39","date_gmt":"2024-11-18T10:30:39","guid":{"rendered":"https:\/\/noticiasmotociclisticas.com.br\/?p=77937"},"modified":"2024-11-18T07:52:45","modified_gmt":"2024-11-18T10:52:45","slug":"motogp-tera-novos-logotipos-em-2025","status":"publish","type":"post","link":"https:\/\/noticiasmotociclisticas.com.br\/?p=77937","title":{"rendered":"MotoGP ter\u00e1 novos logotipos em 2025"},"content":{"rendered":"\n<h3 class=\"wp-block-heading has-vivid-red-color has-text-color has-link-color wp-elements-c723c7ad903a555cb10a918ecc757485\">Os organizadores da MotoGP anunciaram ontem (17) novos logotipos para as quatro categorias principais do evento, o que marca o come\u00e7o de uma nova era, agora de propriedade da Liberty Media.<\/h3>\n\n\n\n<figure class=\"wp-block-image aligncenter size-full is-resized\"><a href=\"https:\/\/noticiasmotociclisticas.com.br\/wp-content\/uploads\/2024\/11\/MotoGP-new-logos-2025.jpg\"><img loading=\"lazy\" decoding=\"async\" width=\"720\" height=\"405\" src=\"https:\/\/noticiasmotociclisticas.com.br\/wp-content\/uploads\/2024\/11\/MotoGP-new-logos-2025.jpg\" alt=\"\" class=\"wp-image-77938\" style=\"width:650px\" srcset=\"https:\/\/noticiasmotociclisticas.com.br\/wp-content\/uploads\/2024\/11\/MotoGP-new-logos-2025.jpg 720w, https:\/\/noticiasmotociclisticas.com.br\/wp-content\/uploads\/2024\/11\/MotoGP-new-logos-2025-300x169.jpg 300w\" sizes=\"auto, (max-width: 720px) 100vw, 720px\" \/><\/a><\/figure>\n\n\n\n<p>Os novos logotipos monocrom\u00e1ticos substituem a familiar bandeira quadriculada em vermelho que est\u00e1 em vigor desde 2000 e que passou por um pequeno atualiza\u00e7\u00e3o em 2007. As subclasses utilizar\u00e3o o mesmo design\u00a0b\u00e1sico com ajustes individuais.<\/p>\n\n<script async src=\"https:\/\/pagead2.googlesyndication.com\/pagead\/js\/adsbygoogle.js?client=ca-pub-8336138695442191\"\n     crossorigin=\"anonymous\"><\/script>\n<ins class=\"adsbygoogle\"\n     style=\"display:block; text-align:center;\"\n     data-ad-layout=\"in-article\"\n     data-ad-format=\"fluid\"\n     data-ad-client=\"ca-pub-8336138695442191\"\n     data-ad-slot=\"3523231789\"><\/ins>\n<script>\n     (adsbygoogle = window.adsbygoogle || []).push({});\n<\/script>\n\n<p>A Dorna tamb\u00e9m apresentou algumas varia\u00e7\u00f5es, como uma vers\u00e3o abreviada do logotipo com apenas o \u201cM\u201d e o \u201cGP\u201d, al\u00e9m de um design de letras mais quadrado e \u201cGP\u201d em sobrescrito. \u00c9 prov\u00e1vel que ambas sejam usados como um design alternativo na pr\u00f3xima temporada.<\/p>\n\n\n\n<p>Apesar das mudan\u00e7as, <a href=\"https:\/\/noticiasmotociclisticas.com.br\/liberty-media-anuncia-compra-da-motogp\/\">a compra de 86% da Dorna Sports pela Liberty Media<\/a> (a mesma dona da F1) ainda <a href=\"https:\/\/noticiasmotociclisticas.com.br\/comissao-europeia-trava-compra-da-motogp-pela-liberty-media-duvidas-sobre-um-possivel-monopolio\/\">foi submetida para aprova\u00e7\u00e3o regulat\u00f3ria com a Comiss\u00e3o Europeia<\/a>. Ind\u00edcios de monop\u00f3lio (o que \u00e9 contra a lei) exigiram uma s\u00e9rie de novos esclarecimentos.<\/p>\n\n\n\n<p>Quando comprou a F\u00f3rmula 1 em 2016, a Liberty Media fez a mesma coisa, mudando o logotipo que utilizava desde o in\u00edcio dos anos 2000 por outro bem diferente. De l\u00e1 para c\u00e1, a empresa alterou bastante o car\u00e1ter da principal categoria de carros do mundo.<\/p>\n\n\n\n<p>O propriet\u00e1rio dos registros da MotoGP ainda permanece oculto no momento, mas o escrit\u00f3rio de advocacia que lida com as submiss\u00f5es \u00e9 o mesmo representante sediado em Madri que lida com os registros de propriedade intelectual da Dorna Sports.<\/p>\n\n\n\n<figure class=\"wp-block-gallery has-nested-images columns-default is-cropped wp-block-gallery-1 is-layout-flex wp-block-gallery-is-layout-flex\">\n<figure class=\"wp-block-image size-large\"><a href=\"https:\/\/noticiasmotociclisticas.com.br\/wp-content\/uploads\/2024\/11\/MotoGP-new-logos-2025-2.jpg\"><img loading=\"lazy\" decoding=\"async\" width=\"720\" height=\"244\" data-id=\"77940\" src=\"https:\/\/noticiasmotociclisticas.com.br\/wp-content\/uploads\/2024\/11\/MotoGP-new-logos-2025-2.jpg\" alt=\"\" class=\"wp-image-77940\" srcset=\"https:\/\/noticiasmotociclisticas.com.br\/wp-content\/uploads\/2024\/11\/MotoGP-new-logos-2025-2.jpg 720w, https:\/\/noticiasmotociclisticas.com.br\/wp-content\/uploads\/2024\/11\/MotoGP-new-logos-2025-2-300x102.jpg 300w\" sizes=\"auto, (max-width: 720px) 100vw, 720px\" \/><\/a><\/figure>\n\n\n\n<figure class=\"wp-block-image size-large\"><a href=\"https:\/\/noticiasmotociclisticas.com.br\/wp-content\/uploads\/2024\/11\/MotoGP-new-logos-2025-3.jpg\"><img loading=\"lazy\" decoding=\"async\" width=\"720\" height=\"244\" data-id=\"77939\" src=\"https:\/\/noticiasmotociclisticas.com.br\/wp-content\/uploads\/2024\/11\/MotoGP-new-logos-2025-3.jpg\" alt=\"\" class=\"wp-image-77939\" srcset=\"https:\/\/noticiasmotociclisticas.com.br\/wp-content\/uploads\/2024\/11\/MotoGP-new-logos-2025-3.jpg 720w, https:\/\/noticiasmotociclisticas.com.br\/wp-content\/uploads\/2024\/11\/MotoGP-new-logos-2025-3-300x102.jpg 300w\" sizes=\"auto, (max-width: 720px) 100vw, 720px\" \/><\/a><\/figure>\n<\/figure>\n\n\n\n<p><\/p>\n","protected":false},"excerpt":{"rendered":"<p>Os organizadores da MotoGP anunciaram ontem (17) novos logotipos para as quatro categorias principais do evento, o que<\/p>\n","protected":false},"author":2,"featured_media":77938,"comment_status":"closed","ping_status":"closed","sticky":false,"template":"","format":"standard","meta":{"footnotes":""},"categories":[7],"tags":[],"class_list":["post-77937","post","type-post","status-publish","format-standard","has-post-thumbnail","hentry","category-motogp"],"_links":{"self":[{"href":"https:\/\/noticiasmotociclisticas.com.br\/index.php?rest_route=\/wp\/v2\/posts\/77937","targetHints":{"allow":["GET"]}}],"collection":[{"href":"https:\/\/noticiasmotociclisticas.com.br\/index.php?rest_route=\/wp\/v2\/posts"}],"about":[{"href":"https:\/\/noticiasmotociclisticas.com.br\/index.php?rest_route=\/wp\/v2\/types\/post"}],"author":[{"embeddable":true,"href":"https:\/\/noticiasmotociclisticas.com.br\/index.php?rest_route=\/wp\/v2\/users\/2"}],"replies":[{"embeddable":true,"href":"https:\/\/noticiasmotociclisticas.com.br\/index.php?rest_route=%2Fwp%2Fv2%2Fcomments&post=77937"}],"version-history":[{"count":1,"href":"https:\/\/noticiasmotociclisticas.com.br\/index.php?rest_route=\/wp\/v2\/posts\/77937\/revisions"}],"predecessor-version":[{"id":77941,"href":"https:\/\/noticiasmotociclisticas.com.br\/index.php?rest_route=\/wp\/v2\/posts\/77937\/revisions\/77941"}],"wp:featuredmedia":[{"embeddable":true,"href":"https:\/\/noticiasmotociclisticas.com.br\/index.php?rest_route=\/wp\/v2\/media\/77938"}],"wp:attachment":[{"href":"https:\/\/noticiasmotociclisticas.com.br\/index.php?rest_route=%2Fwp%2Fv2%2Fmedia&parent=77937"}],"wp:term":[{"taxonomy":"category","embeddable":true,"href":"https:\/\/noticiasmotociclisticas.com.br\/index.php?rest_route=%2Fwp%2Fv2%2Fcategories&post=77937"},{"taxonomy":"post_tag","embeddable":true,"href":"https:\/\/noticiasmotociclisticas.com.br\/index.php?rest_route=%2Fwp%2Fv2%2Ftags&post=77937"}],"curies":[{"name":"wp","href":"https:\/\/api.w.org\/{rel}","templated":true}]}}