{"id":77924,"date":"2024-11-17T11:02:13","date_gmt":"2024-11-17T14:02:13","guid":{"rendered":"https:\/\/noticiasmotociclisticas.com.br\/?p=77924"},"modified":"2024-11-17T11:27:29","modified_gmt":"2024-11-17T14:27:29","slug":"motogp-bagnaia-vence-em-barcelona-e-martin-e-o-campeao-de-2024","status":"publish","type":"post","link":"https:\/\/noticiasmotociclisticas.com.br\/?p=77924","title":{"rendered":"Bagnaia vence em Barcelona e Martin \u00e9 o campe\u00e3o de 2024"},"content":{"rendered":"\n<h3 class=\"wp-block-heading has-vivid-red-color has-text-color has-link-color wp-elements-f2a73ec8e26e66ce3f6b7c36d15477f2\">Francesco Bagnaia venceu hoje (17) o GP da Solidariedade, \u00faltima etapa da MotoGP em 2024 no circuito de Barcelona. O italiano liderou a corrida de ponta a ponta, controlando Marc M\u00e1rquez, o segundo. Com a terceira posi\u00e7\u00e3o, o campe\u00e3o \u00e9 Jorge Martin.<\/h3>\n\n\n\n<figure class=\"wp-block-image aligncenter size-full is-resized\"><a href=\"https:\/\/noticiasmotociclisticas.com.br\/wp-content\/uploads\/2024\/11\/Pecco-Bagnaia-GP-da-Solidariedade-Sprint-Race-2024-2-1.webp\"><img loading=\"lazy\" decoding=\"async\" width=\"780\" height=\"470\" src=\"https:\/\/noticiasmotociclisticas.com.br\/wp-content\/uploads\/2024\/11\/Pecco-Bagnaia-GP-da-Solidariedade-Sprint-Race-2024-2-1.webp\" alt=\"\" class=\"wp-image-77933\" style=\"width:650px\" srcset=\"https:\/\/noticiasmotociclisticas.com.br\/wp-content\/uploads\/2024\/11\/Pecco-Bagnaia-GP-da-Solidariedade-Sprint-Race-2024-2-1.webp 780w, https:\/\/noticiasmotociclisticas.com.br\/wp-content\/uploads\/2024\/11\/Pecco-Bagnaia-GP-da-Solidariedade-Sprint-Race-2024-2-1-300x181.webp 300w, https:\/\/noticiasmotociclisticas.com.br\/wp-content\/uploads\/2024\/11\/Pecco-Bagnaia-GP-da-Solidariedade-Sprint-Race-2024-2-1-768x463.webp 768w\" sizes=\"auto, (max-width: 780px) 100vw, 780px\" \/><\/a><\/figure>\n\n\n\n<p>Bagnaia (Ducati) iniciou o fim de semana com a dura miss\u00e3o de descontar 24 pontos para Martin (Pramac Ducati). Para isso, o italiano precisava vencer tanto a Sprint Race quanto a corrida longa e ainda torcer para o rival espanhol ter problemas.<\/p>\n\n\n\n<p>Bagnaia fez a sua parte na sexta e no s\u00e1bado, liderando os treinos livres, conquistando a pole position e vencendo a Sprint Race. Com isso, a diferen\u00e7a no campeonato fora reduzida para 19 pontos. S\u00f3 era preciso agora ser perfeito na corrida longa de domingo e jogar com a sorte.<\/p>\n\n\n<p><script async src=\"https:\/\/pagead2.googlesyndication.com\/pagead\/js\/adsbygoogle.js?client=ca-pub-8336138695442191\"\n     crossorigin=\"anonymous\"><\/script><br \/>\n<ins class=\"adsbygoogle\"\n     style=\"display:block; text-align:center;\"\n     data-ad-layout=\"in-article\"\n     data-ad-format=\"fluid\"\n     data-ad-client=\"ca-pub-8336138695442191\"\n     data-ad-slot=\"3523231789\"><\/ins><br \/>\n<script><br \/>\n     (adsbygoogle = window.adsbygoogle || []).push({});<br \/>\n<\/script><\/p>\n\n\n<p>Na largada, ao contr\u00e1rio da v\u00e9spera, Bagnaia foi perfeito e assumiu a ponta, deixando Marc M\u00e1rquez (Gresini Ducati) em segundo e Martin em terceiro. Bastava ao espanhol se segurar nessa posi\u00e7\u00e3o para conquistar o seu primeiro t\u00edtulo na MotoGP.<\/p>\n\n\n\n<p>Durante a corrida, Bagnaia precisou se concentrar, pois a press\u00e3o de M\u00e1rquez era forte. O octacampe\u00e3o nunca esteve mais de um segundo longe e qualquer erro poderia ser fatal. Martin, por outro lado, se isolou na terceira posi\u00e7\u00e3o, comboiado pelo amigo Aleix Espargar\u00f3 (Aprilia).<\/p>\n\n\n\n<p>Quem poderia exercer algum tipo de influ\u00eancia era Enea Bastianini (Ducati). Ao contr\u00e1rio da Sprint Race, onde superou Martin e foi segundo, na corrida longa, o italiano n\u00e3o conseguiu manter o mesmo ritmo, cometeu alguns erros e acabou ficando para tr\u00e1s.<\/p>\n\n\n\n<figure class=\"wp-block-image aligncenter size-large is-resized\"><a href=\"https:\/\/noticiasmotociclisticas.com.br\/wp-content\/uploads\/2024\/11\/Jorge-Martin-GP-da-Solidariedade-2024.jpg\"><img loading=\"lazy\" decoding=\"async\" width=\"1024\" height=\"682\" src=\"https:\/\/noticiasmotociclisticas.com.br\/wp-content\/uploads\/2024\/11\/Jorge-Martin-GP-da-Solidariedade-2024-1024x682.jpg\" alt=\"\" class=\"wp-image-77928\" style=\"width:650px\" srcset=\"https:\/\/noticiasmotociclisticas.com.br\/wp-content\/uploads\/2024\/11\/Jorge-Martin-GP-da-Solidariedade-2024-1024x682.jpg 1024w, https:\/\/noticiasmotociclisticas.com.br\/wp-content\/uploads\/2024\/11\/Jorge-Martin-GP-da-Solidariedade-2024-300x200.jpg 300w, https:\/\/noticiasmotociclisticas.com.br\/wp-content\/uploads\/2024\/11\/Jorge-Martin-GP-da-Solidariedade-2024-768x511.jpg 768w, https:\/\/noticiasmotociclisticas.com.br\/wp-content\/uploads\/2024\/11\/Jorge-Martin-GP-da-Solidariedade-2024.jpg 1200w\" sizes=\"auto, (max-width: 1024px) 100vw, 1024px\" \/><\/a><\/figure>\n\n\n\n<p>As \u00faltimas voltas foram uma prossi\u00e7\u00e3o sem grandes emo\u00e7\u00f5es. Bagnaia mantinha o controle e M\u00e1rquez n\u00e3o parecia disposto a se arriscar demais. A briga mais intensa acontecia pela quarta posi\u00e7\u00e3o entre Aleix Espargar\u00f3 e Alex M\u00e1rquez. Mais atr\u00e1s, Bastianini lutava contra Brad Binder (KTM).<\/p>\n\n\n\n<p>Bagnaia assim, cruzou a linha de chegada com 1s4 de vantagem para M\u00e1rquez. Logo atr\u00e1s veio Martin, que assegurou o t\u00edtulo e se tornou o primeiro piloto campe\u00e3o com uma equipe independente desde Valentino Rossi em 2001 e o primeiro na era MotoGP.<\/p>\n\n\n<p><script async src=\"https:\/\/pagead2.googlesyndication.com\/pagead\/js\/adsbygoogle.js?client=ca-pub-8336138695442191\"\n     crossorigin=\"anonymous\"><\/script><br \/>\n<ins class=\"adsbygoogle\"\n     style=\"display:block\"\n     data-ad-format=\"fluid\"\n     data-ad-layout-key=\"-6t+ed+2i-1n-4w\"\n     data-ad-client=\"ca-pub-8336138695442191\"\n     data-ad-slot=\"1046824833\"><\/ins><br \/>\n<script><br \/>\n     (adsbygoogle = window.adsbygoogle || []).push({});<br \/>\n<\/script><\/p>\n\n\n<p>Espargar\u00f3 venceu o duelo com Alex M\u00e1rquez e chegou em quarto. Binder fez o mesmo com Bastianini e ficou em sexto, com Franco Morbidelli (Pramac Ducati), Marco Bezzecchi (VR46 Ducati) e Pedro Acosta (KTM) completando os dez primeiros colocados.<\/p>\n\n\n\n<h4 class=\"wp-block-heading\">GP da Solidariedade &#8211; Resultados Finais<\/h4>\n\n\n\n<ol class=\"wp-block-list\">\n<li>Francesco Bagnaia (I), Ducati, 24 voltas em 40:24,740 min<\/li>\n\n\n\n<li>Marc M\u00e1rquez (E), Ducati, +1,474 sec<\/li>\n\n\n\n<li>Jorge Mart\u00edn (E), Ducati, +3,810<\/li>\n\n\n\n<li>Alex M\u00e1rquez (E), Ducati, +5,322<\/li>\n\n\n\n<li>Aleix Espargar\u00f3 (E), Aprilia, +5,753<\/li>\n\n\n\n<li>Brad Binder (ZA), KTM, +7,081<\/li>\n\n\n\n<li>Enea Bastianini (I), Ducati, +7,393<\/li>\n\n\n\n<li>Franco Morbidelli (I), Ducati, +8,709<\/li>\n\n\n\n<li>Marco Bezzecchi (I), Ducati, +10,484<\/li>\n\n\n\n<li>Pedro Acosta (E), KTM, +10,618<\/li>\n\n\n\n<li>Fabio Quartararo (F), Yamaha, +10,756<\/li>\n\n\n\n<li>Miguel Oliveira (P), Aprilia, +13,464<\/li>\n\n\n\n<li>Jack Miller (AUS), KTM, +14,560<\/li>\n\n\n\n<li>Johann Zarco (F), Honda, +19,469<\/li>\n\n\n\n<li>Maverick Vi\u00f1ales (E), Aprilia, +22,195<\/li>\n\n\n\n<li>Luca Marini (I), Honda, +23,890<\/li>\n\n\n\n<li>Takaaki Nakagami (J), Honda, +23,960<\/li>\n\n\n\n<li>Ra\u00fal Fern\u00e1ndez (E), Aprilia, +29,001<\/li>\n\n\n\n<li>Augusto Fernandez (E), KTM, +29,145<\/li>\n\n\n\n<li>Alex Rins (E), Yamaha, +30,138<\/li>\n\n\n\n<li>Michele Pirro (I), Ducati, +37,295<\/li>\n\n\n\n<li>Stefan Bradl (D), Honda, +47,654<\/li>\n<\/ol>\n\n\n\n<h4 class=\"wp-block-heading\">MotoGP 2024 &#8211; Classifica\u00e7\u00e3o Final<\/h4>\n\n\n\n<ol class=\"wp-block-list\">\n<li>Jorge Martin, 508 pontos.<\/li>\n\n\n\n<li>Pecco Bagnaia 498.<\/li>\n\n\n\n<li>Marc M\u00e1rquez 392<\/li>\n\n\n\n<li>Enea Bastianini 386.<\/li>\n\n\n\n<li>Brad Binder 217.<\/li>\n\n\n\n<li>Acosta 209.<\/li>\n\n\n\n<li>Maverick Vi\u00f1ales 170.<\/li>\n\n\n\n<li>Alex M\u00e1rquez 173.<\/li>\n\n\n\n<li>Franco Morbidelli 173.<\/li>\n\n\n\n<li>Fabio Di Giannantonio 165.<\/li>\n<\/ol>\n","protected":false},"excerpt":{"rendered":"<p>Francesco Bagnaia venceu hoje (17) o GP da Solidariedade, \u00faltima etapa da MotoGP em 2024 no circuito de<\/p>\n","protected":false},"author":2,"featured_media":77928,"comment_status":"closed","ping_status":"closed","sticky":false,"template":"","format":"standard","meta":{"footnotes":""},"categories":[7],"tags":[],"class_list":["post-77924","post","type-post","status-publish","format-standard","has-post-thumbnail","hentry","category-motogp"],"_links":{"self":[{"href":"https:\/\/noticiasmotociclisticas.com.br\/index.php?rest_route=\/wp\/v2\/posts\/77924","targetHints":{"allow":["GET"]}}],"collection":[{"href":"https:\/\/noticiasmotociclisticas.com.br\/index.php?rest_route=\/wp\/v2\/posts"}],"about":[{"href":"https:\/\/noticiasmotociclisticas.com.br\/index.php?rest_route=\/wp\/v2\/types\/post"}],"author":[{"embeddable":true,"href":"https:\/\/noticiasmotociclisticas.com.br\/index.php?rest_route=\/wp\/v2\/users\/2"}],"replies":[{"embeddable":true,"href":"https:\/\/noticiasmotociclisticas.com.br\/index.php?rest_route=%2Fwp%2Fv2%2Fcomments&post=77924"}],"version-history":[{"count":7,"href":"https:\/\/noticiasmotociclisticas.com.br\/index.php?rest_route=\/wp\/v2\/posts\/77924\/revisions"}],"predecessor-version":[{"id":77936,"href":"https:\/\/noticiasmotociclisticas.com.br\/index.php?rest_route=\/wp\/v2\/posts\/77924\/revisions\/77936"}],"wp:featuredmedia":[{"embeddable":true,"href":"https:\/\/noticiasmotociclisticas.com.br\/index.php?rest_route=\/wp\/v2\/media\/77928"}],"wp:attachment":[{"href":"https:\/\/noticiasmotociclisticas.com.br\/index.php?rest_route=%2Fwp%2Fv2%2Fmedia&parent=77924"}],"wp:term":[{"taxonomy":"category","embeddable":true,"href":"https:\/\/noticiasmotociclisticas.com.br\/index.php?rest_route=%2Fwp%2Fv2%2Fcategories&post=77924"},{"taxonomy":"post_tag","embeddable":true,"href":"https:\/\/noticiasmotociclisticas.com.br\/index.php?rest_route=%2Fwp%2Fv2%2Ftags&post=77924"}],"curies":[{"name":"wp","href":"https:\/\/api.w.org\/{rel}","templated":true}]}}