{"id":77917,"date":"2024-11-16T11:41:57","date_gmt":"2024-11-16T14:41:57","guid":{"rendered":"https:\/\/noticiasmotociclisticas.com.br\/?p=77917"},"modified":"2024-11-16T11:57:33","modified_gmt":"2024-11-16T14:57:33","slug":"motogp-bagnaia-vence-sprint-race-em-barcelona-e-leva-a-decisao-para-domingo","status":"publish","type":"post","link":"https:\/\/noticiasmotociclisticas.com.br\/?p=77917","title":{"rendered":"Bagnaia vence Sprint Race em Barcelona e leva a decis\u00e3o para domingo"},"content":{"rendered":"\n<h3 class=\"wp-block-heading has-vivid-red-color has-text-color has-link-color wp-elements-5f6989b8539b17f209ed3f86711173c5\">Pecco Bagnaia venceu hoje (16) a Sprint Race do GP da Solidariedade em Barcelona. O italiano, que precisava vencer para manter acesas as suas chances de t\u00edtulo, contou com a ajuda de seu companheiro de equipe, Enea Bastianini, que superou Jorge Martin na \u00faltima volta e foi segundo.<\/h3>\n\n\n\n<figure class=\"wp-block-image aligncenter size-large is-resized\"><a href=\"https:\/\/noticiasmotociclisticas.com.br\/wp-content\/uploads\/2024\/11\/Pecco-Bagnaia-Enea-Bastianini-Jorge-Martin-GP-da-Solidariedade-2024.jpg\"><img loading=\"lazy\" decoding=\"async\" width=\"1024\" height=\"576\" src=\"https:\/\/noticiasmotociclisticas.com.br\/wp-content\/uploads\/2024\/11\/Pecco-Bagnaia-Enea-Bastianini-Jorge-Martin-GP-da-Solidariedade-2024-1024x576.jpg\" alt=\"\" class=\"wp-image-77920\" style=\"width:650px\" srcset=\"https:\/\/noticiasmotociclisticas.com.br\/wp-content\/uploads\/2024\/11\/Pecco-Bagnaia-Enea-Bastianini-Jorge-Martin-GP-da-Solidariedade-2024-1024x576.jpg 1024w, https:\/\/noticiasmotociclisticas.com.br\/wp-content\/uploads\/2024\/11\/Pecco-Bagnaia-Enea-Bastianini-Jorge-Martin-GP-da-Solidariedade-2024-300x169.jpg 300w, https:\/\/noticiasmotociclisticas.com.br\/wp-content\/uploads\/2024\/11\/Pecco-Bagnaia-Enea-Bastianini-Jorge-Martin-GP-da-Solidariedade-2024-768x432.jpg 768w, https:\/\/noticiasmotociclisticas.com.br\/wp-content\/uploads\/2024\/11\/Pecco-Bagnaia-Enea-Bastianini-Jorge-Martin-GP-da-Solidariedade-2024.jpg 1200w\" sizes=\"auto, (max-width: 1024px) 100vw, 1024px\" \/><\/a><\/figure>\n\n\n\n<p>Bagnaia (Ducati) ficou bastante satisfeito com a escolha de Montmel\u00f3 como etapa final da temporada, uma pista que domina. Isso se refletiu nos treinos, onde conquistou facilmente a primeira posi\u00e7\u00e3o na sexta-feira (15) e a pole position hoje mais cedo. Martin (Pramac Ducati) assegurou a quarta posi\u00e7\u00e3o na segunda fila.<\/p>\n\n\n\n<p>Na largada, Bastianini tomou a ponta na primeira curva, mas como um bom companheiro de equipe, abriu caminho para Bagnaia alguns metros adiante. Os italianos trataram de segurar Martin, que se vencesse encerraria o campeonato ao seu favor nessa mesma corrida.<\/p>\n\n\n<p><script async src=\"https:\/\/pagead2.googlesyndication.com\/pagead\/js\/adsbygoogle.js?client=ca-pub-8336138695442191\"\n     crossorigin=\"anonymous\"><\/script><br \/>\n<ins class=\"adsbygoogle\"\n     style=\"display:block; text-align:center;\"\n     data-ad-layout=\"in-article\"\n     data-ad-format=\"fluid\"\n     data-ad-client=\"ca-pub-8336138695442191\"\n     data-ad-slot=\"3523231789\"><\/ins><br \/>\n<script><br \/>\n     (adsbygoogle = window.adsbygoogle || []).push({});<br \/>\n<\/script><\/p>\n\n\n<p>Enquano Bagnaia abria caminho na lideran\u00e7a, Martin passou a duelar com Bastianini pelo segundo lugar. Os dois pilotos trocaram algumas vezes de posi\u00e7\u00e3o at\u00e9 a quinta passagem, quando o espanhol conseguiu se estabilizar em segundo lugar.<\/p>\n\n\n\n<p>A partir da\u00ed, Martin se esfor\u00e7ou para alcan\u00e7ar Bagnaia que j\u00e1 corria com 1 segundo e quatro d\u00e9cimos de vantagem na frente. Mas o italiano estava impec\u00e1vel e n\u00e3o deu chances. Logo atr\u00e1s, vinham Bastianini, Alex M\u00e1rquez (Gresini Ducati), Aleix Espargar\u00f3 (Aprilia) e Franco Morbidelli (Pramac Ducati).<\/p>\n\n\n\n<p>Bastianini chegou a ser amea\u00e7ado por Alex M\u00e1rquez, mas nas \u00faltimas voltas come\u00e7ou a se reaproximar de Martin novamente. Ao abrirem a \u00faltima passagem, o italiano colou no l\u00edder do campeonato e conseguiu a ultrapassagem na Curva 5. Prudente, Martin preferiu n\u00e3o revidar.<\/p>\n\n\n\n<p>Com isso tudo acontecendo, Bagnaia apenas precisou se concentrar em cruzar a linha de chegada em primeiro, o que fez com 0s9 de vantagem para Bastianini e 1s2 para Martin. Com isso, a diferen\u00e7a entre os dois no campeonato foi reduzida de 23 para 19 pontos.<\/p>\n\n\n<p><script async src=\"https:\/\/pagead2.googlesyndication.com\/pagead\/js\/adsbygoogle.js?client=ca-pub-8336138695442191\"\n     crossorigin=\"anonymous\"><\/script><br \/>\n<ins class=\"adsbygoogle\"\n     style=\"display:block\"\n     data-ad-format=\"fluid\"\n     data-ad-layout-key=\"-6t+ed+2i-1n-4w\"\n     data-ad-client=\"ca-pub-8336138695442191\"\n     data-ad-slot=\"1046824833\"><\/ins><br \/>\n<script><br \/>\n     (adsbygoogle = window.adsbygoogle || []).push({});<br \/>\n<\/script><\/p>\n\n\n<p>Espargar\u00f3 cruzou em quarto lugar, ap\u00f3s Alex M\u00e1rquez ter errado nas \u00faltimas voltas. Morbidelli ficou em sexto, Marc M\u00e1rquez (Gresini Ducati), em uma atua\u00e7\u00e3o discreta, ficou apenas em s\u00e9timo, com Marco Bezzecchi (VR46 Ducati) e Brad Binder (KTM) completando as nove posi\u00e7\u00f5es pontu\u00e1veis.<\/p>\n\n\n\n<h4 class=\"wp-block-heading\">GP da Solidariedade &#8211; Sprint Race<\/h4>\n\n\n\n<ol class=\"wp-block-list\">\n<li>Francesco Bagnaia (I), Ducati, 12 voltas em 20:03,173 min<\/li>\n\n\n\n<li>Enea Bastianini (I), Ducati, +0,942 seg<\/li>\n\n\n\n<li>Jorge Mart\u00edn (E), Ducati, +1,270<\/li>\n\n\n\n<li>Aleix Espargar\u00f3 (E), Aprilia, +1,857<\/li>\n\n\n\n<li>Alex M\u00e1rquez (E), Ducati, +1,942<\/li>\n\n\n\n<li>Franco Morbidelli (I), Ducati, +5,263<\/li>\n\n\n\n<li>Marc M\u00e1rquez (E), Ducati, +5,303<\/li>\n\n\n\n<li>Marco Bezzecchi (I), Ducati, +5,507<\/li>\n\n\n\n<li>Brad Binder (ZA), KTM, +5,573<\/li>\n\n\n\n<li>Fabio Quartararo (F), Yamaha, +5,937<\/li>\n\n\n\n<li>Johann Zarco (F), Honda, +7,413<\/li>\n\n\n\n<li>Maverick Vi\u00f1ales (E), Aprilia, +8,344<\/li>\n\n\n\n<li>Joan Mir (E), Honda, +9,387<\/li>\n\n\n\n<li>Ra\u00fal Fern\u00e1ndez (E), Aprilia, +9,652<\/li>\n\n\n\n<li>Luca Marini (I), Honda, +11,838<\/li>\n\n\n\n<li>Alex Rins (E), Yamaha, +13,217<\/li>\n\n\n\n<li>Takaaki Nakagami (J), Honda, +17,017<\/li>\n\n\n\n<li>Miguel Oliveira (P), Aprilia, +17,746<\/li>\n\n\n\n<li>Jack Miller (AUS), KTM, +18,533<\/li>\n\n\n\n<li>Augusto Fernandez (E), KTM, +20,153<\/li>\n\n\n\n<li>Michele Pirro (I), Ducati, +20,547<\/li>\n\n\n\n<li>Stefan Bradl (D), Honda, +24,604<\/li>\n<\/ol>\n","protected":false},"excerpt":{"rendered":"<p>Pecco Bagnaia venceu hoje (16) a Sprint Race do GP da Solidariedade em Barcelona. O italiano, que precisava<\/p>\n","protected":false},"author":2,"featured_media":77920,"comment_status":"closed","ping_status":"closed","sticky":false,"template":"","format":"standard","meta":{"footnotes":""},"categories":[7],"tags":[],"class_list":["post-77917","post","type-post","status-publish","format-standard","has-post-thumbnail","hentry","category-motogp"],"_links":{"self":[{"href":"https:\/\/noticiasmotociclisticas.com.br\/index.php?rest_route=\/wp\/v2\/posts\/77917","targetHints":{"allow":["GET"]}}],"collection":[{"href":"https:\/\/noticiasmotociclisticas.com.br\/index.php?rest_route=\/wp\/v2\/posts"}],"about":[{"href":"https:\/\/noticiasmotociclisticas.com.br\/index.php?rest_route=\/wp\/v2\/types\/post"}],"author":[{"embeddable":true,"href":"https:\/\/noticiasmotociclisticas.com.br\/index.php?rest_route=\/wp\/v2\/users\/2"}],"replies":[{"embeddable":true,"href":"https:\/\/noticiasmotociclisticas.com.br\/index.php?rest_route=%2Fwp%2Fv2%2Fcomments&post=77917"}],"version-history":[{"count":5,"href":"https:\/\/noticiasmotociclisticas.com.br\/index.php?rest_route=\/wp\/v2\/posts\/77917\/revisions"}],"predecessor-version":[{"id":77923,"href":"https:\/\/noticiasmotociclisticas.com.br\/index.php?rest_route=\/wp\/v2\/posts\/77917\/revisions\/77923"}],"wp:featuredmedia":[{"embeddable":true,"href":"https:\/\/noticiasmotociclisticas.com.br\/index.php?rest_route=\/wp\/v2\/media\/77920"}],"wp:attachment":[{"href":"https:\/\/noticiasmotociclisticas.com.br\/index.php?rest_route=%2Fwp%2Fv2%2Fmedia&parent=77917"}],"wp:term":[{"taxonomy":"category","embeddable":true,"href":"https:\/\/noticiasmotociclisticas.com.br\/index.php?rest_route=%2Fwp%2Fv2%2Fcategories&post=77917"},{"taxonomy":"post_tag","embeddable":true,"href":"https:\/\/noticiasmotociclisticas.com.br\/index.php?rest_route=%2Fwp%2Fv2%2Ftags&post=77917"}],"curies":[{"name":"wp","href":"https:\/\/api.w.org\/{rel}","templated":true}]}}