{"id":77903,"date":"2024-11-14T10:52:11","date_gmt":"2024-11-14T13:52:11","guid":{"rendered":"https:\/\/noticiasmotociclisticas.com.br\/?p=77903"},"modified":"2024-11-14T10:52:16","modified_gmt":"2024-11-14T13:52:16","slug":"vendas-globais-da-honda-ja-aumentam-8-em-2024","status":"publish","type":"post","link":"https:\/\/noticiasmotociclisticas.com.br\/?p=77903","title":{"rendered":"Vendas globais da Honda j\u00e1 aumentam 8% em 2024"},"content":{"rendered":"\n<h3 class=\"wp-block-heading has-vivid-red-color has-text-color has-link-color wp-elements-57c132c8555b1a91908bbc08c1f957bd\">O ano ainda n\u00e3o acabou, mas na Honda todos j\u00e1 sabem que 2024 foi bem sucedido. Os \u00faltimos resultados comerciais apontam que a fabricante japonesa j\u00e1 est\u00e1 8% a frente de 2023 e deve encerrar o ano pr\u00f3xima de seu recorde pessoal.<\/h3>\n\n\n\n<figure class=\"wp-block-image aligncenter size-large is-resized\"><a href=\"https:\/\/noticiasmotociclisticas.com.br\/wp-content\/uploads\/2022\/10\/Honda-CB1000R-logo-tank.jpg\"><img loading=\"lazy\" decoding=\"async\" width=\"1024\" height=\"683\" src=\"https:\/\/noticiasmotociclisticas.com.br\/wp-content\/uploads\/2022\/10\/Honda-CB1000R-logo-tank-1024x683.jpg\" alt=\"\" class=\"wp-image-65363\" style=\"width:650px\" srcset=\"https:\/\/noticiasmotociclisticas.com.br\/wp-content\/uploads\/2022\/10\/Honda-CB1000R-logo-tank-1024x683.jpg 1024w, https:\/\/noticiasmotociclisticas.com.br\/wp-content\/uploads\/2022\/10\/Honda-CB1000R-logo-tank-300x200.jpg 300w, https:\/\/noticiasmotociclisticas.com.br\/wp-content\/uploads\/2022\/10\/Honda-CB1000R-logo-tank-768x512.jpg 768w, https:\/\/noticiasmotociclisticas.com.br\/wp-content\/uploads\/2022\/10\/Honda-CB1000R-logo-tank-1536x1024.jpg 1536w, https:\/\/noticiasmotociclisticas.com.br\/wp-content\/uploads\/2022\/10\/Honda-CB1000R-logo-tank.jpg 1600w\" sizes=\"auto, (max-width: 1024px) 100vw, 1024px\" \/><\/a><\/figure>\n\n\n\n<p>Os dados vem do Motorcycles Data, organiza\u00e7\u00e3o independente que rastreia novos registros de ve\u00edculos em mais de 85 pa\u00edses. A avalia\u00e7\u00e3o dos oito primeiros meses do ano nos d\u00e1 uma ideia de qu\u00e3o bem a Honda est\u00e1 se saindo, com um aumento de 8% em rela\u00e7\u00e3o a 2023, que j\u00e1 havia sido muito bom.<\/p>\n\n<script async src=\"https:\/\/pagead2.googlesyndication.com\/pagead\/js\/adsbygoogle.js?client=ca-pub-8336138695442191\"\n     crossorigin=\"anonymous\"><\/script>\n<ins class=\"adsbygoogle\"\n     style=\"display:block; text-align:center;\"\n     data-ad-layout=\"in-article\"\n     data-ad-format=\"fluid\"\n     data-ad-client=\"ca-pub-8336138695442191\"\n     data-ad-slot=\"3523231789\"><\/ins>\n<script>\n     (adsbygoogle = window.adsbygoogle || []).push({});\n<\/script>\n\n<p>Ap\u00f3s o recorde hist\u00f3rico registrado em\u00a02018, o \u00fanico ano com mais de 20 milh\u00f5es de vendas globais, a Honda foi &#8211; como todas as outras &#8211; profundamente atingida pelos efeitos da pandemia de covid-19. O resultado \u00e9 que as vendas ca\u00edram para 15 milh\u00f5es em\u00a02020.<\/p>\n\n\n\n<p>Mas a recupera\u00e7\u00e3o come\u00e7ou no ano seguinte, com 17 milh\u00f5es em 2021, 17,7 milh\u00f5es em 2022 e 18,5 milh\u00f5es em 2023, a 4\u00aa maior marca de todos os tempos para a Honda. Em 2024, ap\u00f3s os primeiros 8 meses do ano, as vendas j\u00e1 somavam 13,07 milh\u00f5es (+8%).<\/p>\n\n\n\n<p>Com isso, a Honda projeta que at\u00e9 o fim de dezembro &#8211; se nada de anormal acontecer &#8211; eles estar\u00e3o bem pr\u00f3ximos dos recordistas 20 milh\u00f5es e com grandes chances de atingir o segundo melhor resultado de todos os tempos.<\/p>\n\n\n\n<p>Muito desse crescimento \u00e9 impulsionado pelo leste asi\u00e1tico, especialmente em pa\u00edses como Indon\u00e9sia (onde domina e controla o mercado h\u00e1 d\u00e9cadas) e \u00cdndia (incluindo Bangladesh, Paquist\u00e3o e vizinhos) que viu um exponencial crescimento de 33,5% e j\u00e1 come\u00e7a a desafiar a Hero pela lideran\u00e7a.<\/p>\n\n\n\n<p>No resto do mundo, as vendas tamb\u00e9m est\u00e3o crescendo, como na nossa vizinhan\u00e7a da\u00a0Am\u00e9rica Latina\u00a0(+13,5%) e<strong>\u00a0<\/strong>Am\u00e9rica do Norte\u00a0(+3,3%). Por outro lado, foi observada uma diminui\u00e7\u00e3o na\u00a0Europa\u00a0(-2,8%), assim como na China, Jap\u00e3o, Coreia e Taiwan (-11,3%).<\/p>\n\n<script async src=\"https:\/\/pagead2.googlesyndication.com\/pagead\/js\/adsbygoogle.js?client=ca-pub-8336138695442191\"\n     crossorigin=\"anonymous\"><\/script>\n<ins class=\"adsbygoogle\"\n     style=\"display:block\"\n     data-ad-format=\"fluid\"\n     data-ad-layout-key=\"-6t+ed+2i-1n-4w\"\n     data-ad-client=\"ca-pub-8336138695442191\"\n     data-ad-slot=\"1046824833\"><\/ins>\n<script>\n     (adsbygoogle = window.adsbygoogle || []).push({});\n<\/script>\n\n<p>\u00c9 importante destacar que as vendas de motocicletas da Honda incluem ainda m\u00e1quinas de quadriciclos e UTVs. Mas j\u00e1 est\u00e1 claro que 2024 foi um grande ano para a Honda. Voltaremos em janeiro com os resultados definitivos do ano.<\/p>\n","protected":false},"excerpt":{"rendered":"<p>O ano ainda n\u00e3o acabou, mas na Honda todos j\u00e1 sabem que 2024 foi bem sucedido. Os \u00faltimos<\/p>\n","protected":false},"author":2,"featured_media":65363,"comment_status":"closed","ping_status":"closed","sticky":false,"template":"","format":"standard","meta":{"footnotes":""},"categories":[12],"tags":[67],"class_list":["post-77903","post","type-post","status-publish","format-standard","has-post-thumbnail","hentry","category-noticias","tag-slider-2"],"_links":{"self":[{"href":"https:\/\/noticiasmotociclisticas.com.br\/index.php?rest_route=\/wp\/v2\/posts\/77903","targetHints":{"allow":["GET"]}}],"collection":[{"href":"https:\/\/noticiasmotociclisticas.com.br\/index.php?rest_route=\/wp\/v2\/posts"}],"about":[{"href":"https:\/\/noticiasmotociclisticas.com.br\/index.php?rest_route=\/wp\/v2\/types\/post"}],"author":[{"embeddable":true,"href":"https:\/\/noticiasmotociclisticas.com.br\/index.php?rest_route=\/wp\/v2\/users\/2"}],"replies":[{"embeddable":true,"href":"https:\/\/noticiasmotociclisticas.com.br\/index.php?rest_route=%2Fwp%2Fv2%2Fcomments&post=77903"}],"version-history":[{"count":1,"href":"https:\/\/noticiasmotociclisticas.com.br\/index.php?rest_route=\/wp\/v2\/posts\/77903\/revisions"}],"predecessor-version":[{"id":77904,"href":"https:\/\/noticiasmotociclisticas.com.br\/index.php?rest_route=\/wp\/v2\/posts\/77903\/revisions\/77904"}],"wp:featuredmedia":[{"embeddable":true,"href":"https:\/\/noticiasmotociclisticas.com.br\/index.php?rest_route=\/wp\/v2\/media\/65363"}],"wp:attachment":[{"href":"https:\/\/noticiasmotociclisticas.com.br\/index.php?rest_route=%2Fwp%2Fv2%2Fmedia&parent=77903"}],"wp:term":[{"taxonomy":"category","embeddable":true,"href":"https:\/\/noticiasmotociclisticas.com.br\/index.php?rest_route=%2Fwp%2Fv2%2Fcategories&post=77903"},{"taxonomy":"post_tag","embeddable":true,"href":"https:\/\/noticiasmotociclisticas.com.br\/index.php?rest_route=%2Fwp%2Fv2%2Ftags&post=77903"}],"curies":[{"name":"wp","href":"https:\/\/api.w.org\/{rel}","templated":true}]}}