{"id":77901,"date":"2024-11-14T09:18:20","date_gmt":"2024-11-14T12:18:20","guid":{"rendered":"https:\/\/noticiasmotociclisticas.com.br\/?p=77901"},"modified":"2024-11-14T09:18:25","modified_gmt":"2024-11-14T12:18:25","slug":"ktm-financiamento-na-casa-dos-tres-digitos-para-garantir-estabilidade","status":"publish","type":"post","link":"https:\/\/noticiasmotociclisticas.com.br\/?p=77901","title":{"rendered":"KTM: financiamento na casa dos tr\u00eas digitos para garantir estabilidade"},"content":{"rendered":"\n<h3 class=\"wp-block-heading has-vivid-red-color has-text-color has-link-color wp-elements-6354ffad078dd4d6683ab0b8880012dd\">O Pierer Mobility Group, propriet\u00e1rio das marcas KTM, Husqvarna, GasGas e parte da MV Agusta anunciou as negocia\u00e7\u00f5es para um financiamento intercalar para garantir a estabilidade no curto prazo.<\/h3>\n\n\n\n<figure class=\"wp-block-image aligncenter size-full is-resized\"><a href=\"https:\/\/noticiasmotociclisticas.com.br\/wp-content\/uploads\/2022\/12\/KTM-790-Adventure-2023-2.jpg\"><img decoding=\"async\" src=\"https:\/\/noticiasmotociclisticas.com.br\/wp-content\/uploads\/2022\/12\/KTM-790-Adventure-2023-2.jpg\" alt=\"\" class=\"wp-image-65688\" style=\"width:650px\"\/><\/a><\/figure>\n\n\n\n<p>Conforme anunciaram recentemente, a empresa austr\u00edaca est\u00e1 negociando &#8211; &nbsp;numa fase inicial &#8211; com seus acionistas e credores um financiamento intercalar no valor de tr\u00eas d\u00edgitos de milh\u00e3o de euros. Essa forma de cr\u00e9dito \u00e9 considerada a solu\u00e7\u00e3o financeira ideal para imprevistos.<\/p>\n\n\n<p><script async src=\"https:\/\/pagead2.googlesyndication.com\/pagead\/js\/adsbygoogle.js?client=ca-pub-8336138695442191\"\n     crossorigin=\"anonymous\"><\/script><br \/><ins class=\"adsbygoogle\" style=\"display: block; text-align: center;\" data-ad-layout=\"in-article\" data-ad-format=\"fluid\" data-ad-client=\"ca-pub-8336138695442191\" data-ad-slot=\"3523231789\"><\/ins><br \/><script><br \/>\n     (adsbygoogle = window.adsbygoogle || []).push({});<br \/>\n<\/script><\/p>\n\n\n<p>De acodo com os \u00faltimos relat\u00f3rios comerciais, <a href=\"https:\/\/noticiasmotociclisticas.com.br\/ktm-queda-de-vendas-e-producao-cada-vez-mais-na-asia\/\">as vendas foram significativamente menores em 2024<\/a>, especialmente nos EUA e na Europa. A produ\u00e7\u00e3o de motocicletas representa cerca de 95% das vendas anuais do grupo, que tamb\u00e9m vende bicicletas premium.<\/p>\n\n\n\n<p>Nesse contexto de um ambiente econ\u00f4mico desafiante, est\u00e1 a ser promovida uma profunda reestrutura\u00e7\u00e3o dentro do grupo. Confirme anunciado anteriormente, <a href=\"https:\/\/noticiasmotociclisticas.com.br\/grupo-dono-da-ktm-demite-quatro-de-seis-executivos-do-grupo-administrativo\/\">apenas dois dos seis membros do conselho administrativo permaneceram<\/a>, ap\u00f3s o \u00faltimo remanejamento.<\/p>\n\n\n\n<p>O pr\u00f3ximo passo ser\u00e1 sentido na cadeia de produ\u00e7\u00e3o e o cliente vai sentir: a KTM dever\u00e1 produzir menos unidades no futuro e os estoques dos revendedores dever\u00e3o ser reduzidos. O objetivo agora \u00e9 estabilizar custos e vendas a partir do exerc\u00edcio de 2025.<\/p>\n\n\n<p><script async src=\"https:\/\/pagead2.googlesyndication.com\/pagead\/js\/adsbygoogle.js?client=ca-pub-8336138695442191\"\n     crossorigin=\"anonymous\"><\/script><br \/>\n<ins class=\"adsbygoogle\"\n     style=\"display:block\"\n     data-ad-format=\"fluid\"\n     data-ad-layout-key=\"-6t+ed+2i-1n-4w\"\n     data-ad-client=\"ca-pub-8336138695442191\"\n     data-ad-slot=\"1046824833\"><\/ins><br \/>\n<script><br \/>\n     (adsbygoogle = window.adsbygoogle || []).push({});<br \/>\n<\/script><\/p>\n\n\n<p>Mais de 300 funcion\u00e1rios na \u00c1ustria tiveram de deixar a empresa no primeiro semestre de 2024. Outros 200 postos de trabalho foram cortados em agosto. No final de junho, o grupo contava com cerca de 6 mil funcion\u00e1rios. No \u00faltimo comunicado n\u00e3o foram anunciados novos cortes.<\/p>\n","protected":false},"excerpt":{"rendered":"<p>O Pierer Mobility Group, propriet\u00e1rio das marcas KTM, Husqvarna, GasGas e parte da MV Agusta anunciou as negocia\u00e7\u00f5es<\/p>\n","protected":false},"author":2,"featured_media":0,"comment_status":"closed","ping_status":"closed","sticky":false,"template":"","format":"standard","meta":{"footnotes":""},"categories":[12],"tags":[67],"class_list":["post-77901","post","type-post","status-publish","format-standard","hentry","category-noticias","tag-slider-2"],"_links":{"self":[{"href":"https:\/\/noticiasmotociclisticas.com.br\/index.php?rest_route=\/wp\/v2\/posts\/77901","targetHints":{"allow":["GET"]}}],"collection":[{"href":"https:\/\/noticiasmotociclisticas.com.br\/index.php?rest_route=\/wp\/v2\/posts"}],"about":[{"href":"https:\/\/noticiasmotociclisticas.com.br\/index.php?rest_route=\/wp\/v2\/types\/post"}],"author":[{"embeddable":true,"href":"https:\/\/noticiasmotociclisticas.com.br\/index.php?rest_route=\/wp\/v2\/users\/2"}],"replies":[{"embeddable":true,"href":"https:\/\/noticiasmotociclisticas.com.br\/index.php?rest_route=%2Fwp%2Fv2%2Fcomments&post=77901"}],"version-history":[{"count":1,"href":"https:\/\/noticiasmotociclisticas.com.br\/index.php?rest_route=\/wp\/v2\/posts\/77901\/revisions"}],"predecessor-version":[{"id":77902,"href":"https:\/\/noticiasmotociclisticas.com.br\/index.php?rest_route=\/wp\/v2\/posts\/77901\/revisions\/77902"}],"wp:attachment":[{"href":"https:\/\/noticiasmotociclisticas.com.br\/index.php?rest_route=%2Fwp%2Fv2%2Fmedia&parent=77901"}],"wp:term":[{"taxonomy":"category","embeddable":true,"href":"https:\/\/noticiasmotociclisticas.com.br\/index.php?rest_route=%2Fwp%2Fv2%2Fcategories&post=77901"},{"taxonomy":"post_tag","embeddable":true,"href":"https:\/\/noticiasmotociclisticas.com.br\/index.php?rest_route=%2Fwp%2Fv2%2Ftags&post=77901"}],"curies":[{"name":"wp","href":"https:\/\/api.w.org\/{rel}","templated":true}]}}