{"id":77625,"date":"2024-10-30T08:59:16","date_gmt":"2024-10-30T11:59:16","guid":{"rendered":"https:\/\/noticiasmotociclisticas.com.br\/?p=77625"},"modified":"2024-10-30T08:59:21","modified_gmt":"2024-10-30T11:59:21","slug":"inundacoes-em-valencia-colocam-gp-em-risco","status":"publish","type":"post","link":"https:\/\/noticiasmotociclisticas.com.br\/?p=77625","title":{"rendered":"Inunda\u00e7\u00f5es em Val\u00eancia colocam GP em risco"},"content":{"rendered":"\n<h3 class=\"wp-block-heading has-vivid-red-color has-text-color has-link-color wp-elements-9b13eeb6a5f0f7e16d883ac449b3b877\">Tempestades violentas est\u00e3o assolando a Espanha, especialmente a regi\u00e3o de Val\u00eancia, onde est\u00e1 localizado o circuito que encerra a temporada 2024 de MotoGP e j\u00e1 est\u00e1 consideravelmente danificado.<\/h3>\n\n\n\n<figure class=\"wp-block-image aligncenter size-large is-resized\"><a href=\"https:\/\/noticiasmotociclisticas.com.br\/wp-content\/uploads\/2024\/10\/Circuito-Ricardo-Tormo-OCT24.jpg\"><img loading=\"lazy\" decoding=\"async\" width=\"1024\" height=\"768\" src=\"https:\/\/noticiasmotociclisticas.com.br\/wp-content\/uploads\/2024\/10\/Circuito-Ricardo-Tormo-OCT24-1024x768.jpg\" alt=\"\" class=\"wp-image-77626\" style=\"width:650px\" srcset=\"https:\/\/noticiasmotociclisticas.com.br\/wp-content\/uploads\/2024\/10\/Circuito-Ricardo-Tormo-OCT24-1024x768.jpg 1024w, https:\/\/noticiasmotociclisticas.com.br\/wp-content\/uploads\/2024\/10\/Circuito-Ricardo-Tormo-OCT24-300x225.jpg 300w, https:\/\/noticiasmotociclisticas.com.br\/wp-content\/uploads\/2024\/10\/Circuito-Ricardo-Tormo-OCT24-768x576.jpg 768w, https:\/\/noticiasmotociclisticas.com.br\/wp-content\/uploads\/2024\/10\/Circuito-Ricardo-Tormo-OCT24-1536x1152.jpg 1536w, https:\/\/noticiasmotociclisticas.com.br\/wp-content\/uploads\/2024\/10\/Circuito-Ricardo-Tormo-OCT24.jpg 2048w\" sizes=\"auto, (max-width: 1024px) 100vw, 1024px\" \/><\/a><\/figure>\n\n\n\n<p>Desde ter\u00e7a-feira, tempestades massivas causaram devasta\u00e7\u00e3o generalizada nas regi\u00f5es sul e leste de Espanha. A regi\u00e3o de Val\u00eancia \u00e9 a mais afetada. Segundo balan\u00e7os da ag\u00eancia oficial (AP),\u00a051 pessoas j\u00e1 perderam a vida no desastre natural.<\/p>\n\n\n\n<p>O circuito Ricardo Tormo fica na cidade de Cheste, pr\u00f3xima de Val\u00eancia. A estrada oficial de acesso e grande parte das \u00e1reas de estacionamento desabaram e inundaram. Em menos de 24 horas, ca\u00edram mais de 200 litros de \u00e1gua por metro quadrado no local.<\/p>\n\n\n<p><script async src=\"https:\/\/pagead2.googlesyndication.com\/pagead\/js\/adsbygoogle.js?client=ca-pub-8336138695442191\"\n     crossorigin=\"anonymous\"><\/script><br \/>\n<ins class=\"adsbygoogle\"\n     style=\"display:block; text-align:center;\"\n     data-ad-layout=\"in-article\"\n     data-ad-format=\"fluid\"\n     data-ad-client=\"ca-pub-8336138695442191\"\n     data-ad-slot=\"3523231789\"><\/ins><br \/>\n<script><br \/>\n     (adsbygoogle = window.adsbygoogle || []).push({});<br \/>\n<\/script><\/p>\n\n\n<p>No momento, \u00e9 imposs\u00edvel estimar se a etapa final de MotoGP, que decidir\u00e1 o t\u00edtulo entre Jorge Martin e Pecco Bagnaia, entre 15 e 17 de novembro, poder\u00e1 ocorrer. Para se ter uma ideia, o tr\u00e1fego a\u00e9reo em Val\u00eancia est\u00e1 atualmente suspenso.<\/p>\n\n\n\n<p>Todos os eventos programados para os pr\u00f3ximos dias, incluindo a s\u00e9rie de corridas el\u00e9tricas F\u00f3rmula E no pr\u00f3ximo fim de semana, foram cancelados. Assim que um relat\u00f3rio de danos mais detalhado estiver dispon\u00edvel, as pr\u00f3ximas decis\u00f5es poder\u00e3o ser tomadas.<\/p>\n\n\n\n<p>Dessa forma, o GP da Mal\u00e1sia, que acontece no pr\u00f3ximo final de semana em Sepang, ganha outro car\u00e1ter, de decis\u00e3o de t\u00edtulo, caso o GP de Val\u00eancia n\u00e3o possa acontecer. 17 pontos separam Martin de Bagnaia, que venceu o <a href=\"https:\/\/noticiasmotociclisticas.com.br\/bagnaia-vence-martin-na-tailandia-e-reduz-diferenca-no-campeonato\/\">GP da Tail\u00e2ndia<\/a> no \u00faltimo domingo.<\/p>\n","protected":false},"excerpt":{"rendered":"<p>Tempestades violentas est\u00e3o assolando a Espanha, especialmente a regi\u00e3o de Val\u00eancia, onde est\u00e1 localizado o circuito que encerra<\/p>\n","protected":false},"author":2,"featured_media":77626,"comment_status":"closed","ping_status":"closed","sticky":false,"template":"","format":"standard","meta":{"footnotes":""},"categories":[7],"tags":[],"class_list":["post-77625","post","type-post","status-publish","format-standard","has-post-thumbnail","hentry","category-motogp"],"_links":{"self":[{"href":"https:\/\/noticiasmotociclisticas.com.br\/index.php?rest_route=\/wp\/v2\/posts\/77625","targetHints":{"allow":["GET"]}}],"collection":[{"href":"https:\/\/noticiasmotociclisticas.com.br\/index.php?rest_route=\/wp\/v2\/posts"}],"about":[{"href":"https:\/\/noticiasmotociclisticas.com.br\/index.php?rest_route=\/wp\/v2\/types\/post"}],"author":[{"embeddable":true,"href":"https:\/\/noticiasmotociclisticas.com.br\/index.php?rest_route=\/wp\/v2\/users\/2"}],"replies":[{"embeddable":true,"href":"https:\/\/noticiasmotociclisticas.com.br\/index.php?rest_route=%2Fwp%2Fv2%2Fcomments&post=77625"}],"version-history":[{"count":1,"href":"https:\/\/noticiasmotociclisticas.com.br\/index.php?rest_route=\/wp\/v2\/posts\/77625\/revisions"}],"predecessor-version":[{"id":77627,"href":"https:\/\/noticiasmotociclisticas.com.br\/index.php?rest_route=\/wp\/v2\/posts\/77625\/revisions\/77627"}],"wp:featuredmedia":[{"embeddable":true,"href":"https:\/\/noticiasmotociclisticas.com.br\/index.php?rest_route=\/wp\/v2\/media\/77626"}],"wp:attachment":[{"href":"https:\/\/noticiasmotociclisticas.com.br\/index.php?rest_route=%2Fwp%2Fv2%2Fmedia&parent=77625"}],"wp:term":[{"taxonomy":"category","embeddable":true,"href":"https:\/\/noticiasmotociclisticas.com.br\/index.php?rest_route=%2Fwp%2Fv2%2Fcategories&post=77625"},{"taxonomy":"post_tag","embeddable":true,"href":"https:\/\/noticiasmotociclisticas.com.br\/index.php?rest_route=%2Fwp%2Fv2%2Ftags&post=77625"}],"curies":[{"name":"wp","href":"https:\/\/api.w.org\/{rel}","templated":true}]}}