{"id":77612,"date":"2024-10-29T14:35:29","date_gmt":"2024-10-29T17:35:29","guid":{"rendered":"https:\/\/noticiasmotociclisticas.com.br\/?p=77612"},"modified":"2024-10-29T15:04:09","modified_gmt":"2024-10-29T18:04:09","slug":"yamaha-tracer-9-fica-ainda-mais-opulenta-e-tecnologica-no-modelo-2025-veja-as-fotos","status":"publish","type":"post","link":"https:\/\/noticiasmotociclisticas.com.br\/?p=77612","title":{"rendered":"Yamaha Tracer 9 fica ainda mais opulenta e tecnol\u00f3gica no modelo 2025"},"content":{"rendered":"\n<h3 class=\"wp-block-heading has-vivid-red-color has-text-color has-link-color wp-elements-f3ec9c259401662efb2482c87082ced8\">A Yamaha apresentou hoje (29) o modelo 2025 da Tracer 9, que ganhou um visual ainda mais carregado e uma tecnologia ainda mais sofisticada, uma vez que a motocicleta tamb\u00e9m ganhou o c\u00e2mbio automatizado Y-AMT.<\/h3>\n\n\n\n<figure class=\"wp-block-image aligncenter size-full is-resized\"><a href=\"https:\/\/noticiasmotociclisticas.com.br\/wp-content\/uploads\/2024\/10\/Yamaha-Tracer-9-2025-6.webp\"><img loading=\"lazy\" decoding=\"async\" width=\"750\" height=\"422\" src=\"https:\/\/noticiasmotociclisticas.com.br\/wp-content\/uploads\/2024\/10\/Yamaha-Tracer-9-2025-6.webp\" alt=\"\" class=\"wp-image-77617\" style=\"width:650px\" srcset=\"https:\/\/noticiasmotociclisticas.com.br\/wp-content\/uploads\/2024\/10\/Yamaha-Tracer-9-2025-6.webp 750w, https:\/\/noticiasmotociclisticas.com.br\/wp-content\/uploads\/2024\/10\/Yamaha-Tracer-9-2025-6-300x169.webp 300w\" sizes=\"auto, (max-width: 750px) 100vw, 750px\" \/><\/a><\/figure>\n\n\n\n<p>Atualizada em termos de design pela \u00faltima vez em 2019, a Tracer 9 passou por um facelift com uma nova carenagem frontal carregando far\u00f3is de LED multielementos dentro de uma parte frontal de apar\u00eancia mais agressiva.<\/p>\n\n\n<p><script async src=\"https:\/\/pagead2.googlesyndication.com\/pagead\/js\/adsbygoogle.js?client=ca-pub-8336138695442191\"\n     crossorigin=\"anonymous\"><\/script><br \/>\n<ins class=\"adsbygoogle\"\n     style=\"display:block; text-align:center;\"\n     data-ad-layout=\"in-article\"\n     data-ad-format=\"fluid\"\n     data-ad-client=\"ca-pub-8336138695442191\"\n     data-ad-slot=\"3523231789\"><\/ins><br \/>\n<script><br \/>\n     (adsbygoogle = window.adsbygoogle || []).push({});<br \/>\n<\/script><\/p>\n\n\n<p>Trabalhada em um t\u00fanel de vento, a nova carroceria otimiza o fluxo de ar ao redor do piloto e do passageiro, melhorando ainda mais o conforto. O para-brisa \u00e9 manualmente ajust\u00e1vel em 50 mm no modelo standard, enquanto as vers\u00f5es GT e GT+ o acionamento \u00e9 el\u00e9trico (100 mm).<\/p>\n\n\n\n<p>O chassi de alum\u00ednio fundido tamb\u00e9m passou por algumas mudan\u00e7as. O quadro apresenta um \u00e2ngulo de dire\u00e7\u00e3o revisado, o que supostamente reduz o c\u00edrculo m\u00ednimo de giro de 3,1 m para 2,9 m. O subquadro tamb\u00e9m \u00e9 outro, 150 g mais leve e 50 mm mais longo do que os anteriores.&nbsp;<\/p>\n\n\n\n<p>Isso permitiu um assento mais espa\u00e7oso, com mais acolchoamento em toda a linha. A altura m\u00ednima do assento aumentou ligeiramente, para 845 mm, e que pode ser aumentada em 15 mm extras se o propriet\u00e1rio quiser. O peso total l\u00edquido \u00e9 de 212 kg &#8211; 1kg a menos&nbsp;que a atual.<\/p>\n\n\n\n<p>Assim como a MT-07 e MT-09, as rodas <em>SpinForged<\/em> tamb\u00e9m foram atualizadas para 2025, com a rigidez sendo otimizada gra\u00e7as a um aro de espessura diferente.&nbsp;Os pneus Bridgestone Battlax T32 Touring foram projetados especificamente para a Tracer 9, afirma a Yamaha.<\/p>\n\n\n\n<figure class=\"wp-block-image aligncenter size-full is-resized\"><a href=\"https:\/\/noticiasmotociclisticas.com.br\/wp-content\/uploads\/2024\/10\/Yamaha-Tracer-9-2025-2.webp\"><img loading=\"lazy\" decoding=\"async\" width=\"750\" height=\"422\" src=\"https:\/\/noticiasmotociclisticas.com.br\/wp-content\/uploads\/2024\/10\/Yamaha-Tracer-9-2025-2.webp\" alt=\"\" class=\"wp-image-77620\" style=\"width:650px\" srcset=\"https:\/\/noticiasmotociclisticas.com.br\/wp-content\/uploads\/2024\/10\/Yamaha-Tracer-9-2025-2.webp 750w, https:\/\/noticiasmotociclisticas.com.br\/wp-content\/uploads\/2024\/10\/Yamaha-Tracer-9-2025-2-300x169.webp 300w\" sizes=\"auto, (max-width: 750px) 100vw, 750px\" \/><\/a><\/figure>\n\n\n\n<p>O que menos mudou foi o motor CP3 de tr\u00eas cilindros em linha e 890 cm\u00b3 que continua produzindo saud\u00e1veis \u200b\u200b117 cv a 7.000 rpm e 68,6 lb.ft  de torque m\u00e1ximo nas mesmas rota\u00e7\u00f5es, agora j\u00e1 atendendo aos padr\u00f5es de emiss\u00f5es do Euro5+.<\/p>\n\n\n<p><script async src=\"https:\/\/pagead2.googlesyndication.com\/pagead\/js\/adsbygoogle.js?client=ca-pub-8336138695442191\"\n     crossorigin=\"anonymous\"><\/script><br \/>\n<ins class=\"adsbygoogle\"\n     style=\"display:block\"\n     data-ad-format=\"fluid\"\n     data-ad-layout-key=\"-6t+ed+2i-1n-4w\"\n     data-ad-client=\"ca-pub-8336138695442191\"\n     data-ad-slot=\"1046824833\"><\/ins><br \/>\n<script><br \/>\n     (adsbygoogle = window.adsbygoogle || []).push({});<br \/>\n<\/script><\/p>\n\n\n<p>Essa pot\u00eancia \u00e9 mantida sob controle por meio de um pacote eletr\u00f4nico poss\u00edvel gra\u00e7as a uma IMU de seis eixos inerciais. H\u00e1 de cinco modos de pilotagem para escolher, incluindo duas op\u00e7\u00f5es personaliz\u00e1veis &#8216;Custom 1&#8217; e &#8216;Custom 2&#8217; feitas por meio do painel ou pelo app da Yamaha.<\/p>\n\n\n\n<p>Mas a manchete das atualiza\u00e7\u00f5es eletr\u00f4nicas \u00e9 a transmiss\u00e3o manual automatizada (Y-AMT), j\u00e1 anunciadas na MT-07 e MT-09. Isso significa que os pilotos podem ignorar o pedal de c\u00e2mbio e trocar as marchas atrav\u00e9s de uma borboleta no punho esquerdo ou permitir que a moto decida quando trocar.<\/p>\n\n\n\n<p>Tudo \u00e9 visualizado e controlado atrav\u00e9s do painel TFT de 7 polegadas atualizado, que nas motos GT e GT+ vir\u00e1 com conectividade Bluetooth. Esses modelos tamb\u00e9m v\u00eam com controle de reten\u00e7\u00e3o em subida, sendo essas as primeiras motos Yamaha a ganhar tal recurso.<\/p>\n\n\n\n<p>Al\u00e9m dessas atualiza\u00e7\u00f5es, a Tracer 9 GT, GT Y-AMT e GT+ v\u00eam equipadas com a Smart Key (igni\u00e7\u00e3o sem chave) e travamento central da Yamaha, al\u00e9m de Controle de Cruzeiro Adaptativo (ACC), Detector de Ponto Cego (BSD) e feios unificados (UBS), tudo vinculado ao sistema de radar.<\/p>\n\n\n\n<p>Ser\u00e3o quadro modelos Yamaha Tracer 9 dispon\u00edveis na Europa: &#8220;Standard&#8221;, &#8220;GT&#8221;, &#8220;GT Y-AMT&#8221; e &#8220;GT+&#8221;, que tamb\u00e9m conta com o c\u00e2mbio automatizado e mais um punhado de opcionais, como malas laterais r\u00edgidas de 30 litros. Mais de 70 acess\u00f3rios tamb\u00e9m estar\u00e3o dispon\u00edveis em toda a linha.<\/p>\n\n\n\n<figure class=\"wp-block-gallery has-nested-images columns-default is-cropped wp-block-gallery-1 is-layout-flex wp-block-gallery-is-layout-flex\">\n<figure class=\"wp-block-image size-large\"><a href=\"https:\/\/noticiasmotociclisticas.com.br\/wp-content\/uploads\/2024\/10\/Yamaha-Tracer-9-2025-3.webp\"><img loading=\"lazy\" decoding=\"async\" width=\"750\" height=\"422\" data-id=\"77618\" src=\"https:\/\/noticiasmotociclisticas.com.br\/wp-content\/uploads\/2024\/10\/Yamaha-Tracer-9-2025-3.webp\" alt=\"\" class=\"wp-image-77618\" srcset=\"https:\/\/noticiasmotociclisticas.com.br\/wp-content\/uploads\/2024\/10\/Yamaha-Tracer-9-2025-3.webp 750w, https:\/\/noticiasmotociclisticas.com.br\/wp-content\/uploads\/2024\/10\/Yamaha-Tracer-9-2025-3-300x169.webp 300w\" sizes=\"auto, (max-width: 750px) 100vw, 750px\" \/><\/a><\/figure>\n\n\n\n<figure class=\"wp-block-image size-large\"><a href=\"https:\/\/noticiasmotociclisticas.com.br\/wp-content\/uploads\/2024\/10\/Yamaha-Tracer-9-2025-4.webp\"><img loading=\"lazy\" decoding=\"async\" width=\"750\" height=\"422\" data-id=\"77619\" src=\"https:\/\/noticiasmotociclisticas.com.br\/wp-content\/uploads\/2024\/10\/Yamaha-Tracer-9-2025-4.webp\" alt=\"\" class=\"wp-image-77619\" srcset=\"https:\/\/noticiasmotociclisticas.com.br\/wp-content\/uploads\/2024\/10\/Yamaha-Tracer-9-2025-4.webp 750w, https:\/\/noticiasmotociclisticas.com.br\/wp-content\/uploads\/2024\/10\/Yamaha-Tracer-9-2025-4-300x169.webp 300w\" sizes=\"auto, (max-width: 750px) 100vw, 750px\" \/><\/a><\/figure>\n\n\n\n<figure class=\"wp-block-image size-large\"><a href=\"https:\/\/noticiasmotociclisticas.com.br\/wp-content\/uploads\/2024\/10\/Yamaha-Tracer-9-2025-5.webp\"><img loading=\"lazy\" decoding=\"async\" width=\"750\" height=\"422\" data-id=\"77616\" src=\"https:\/\/noticiasmotociclisticas.com.br\/wp-content\/uploads\/2024\/10\/Yamaha-Tracer-9-2025-5.webp\" alt=\"\" class=\"wp-image-77616\" srcset=\"https:\/\/noticiasmotociclisticas.com.br\/wp-content\/uploads\/2024\/10\/Yamaha-Tracer-9-2025-5.webp 750w, https:\/\/noticiasmotociclisticas.com.br\/wp-content\/uploads\/2024\/10\/Yamaha-Tracer-9-2025-5-300x169.webp 300w\" sizes=\"auto, (max-width: 750px) 100vw, 750px\" \/><\/a><\/figure>\n\n\n\n<figure class=\"wp-block-image size-large\"><a href=\"https:\/\/noticiasmotociclisticas.com.br\/wp-content\/uploads\/2024\/10\/Yamaha-Tracer-9-2025-1.webp\"><img loading=\"lazy\" decoding=\"async\" width=\"750\" height=\"422\" data-id=\"77615\" src=\"https:\/\/noticiasmotociclisticas.com.br\/wp-content\/uploads\/2024\/10\/Yamaha-Tracer-9-2025-1.webp\" alt=\"\" class=\"wp-image-77615\" srcset=\"https:\/\/noticiasmotociclisticas.com.br\/wp-content\/uploads\/2024\/10\/Yamaha-Tracer-9-2025-1.webp 750w, https:\/\/noticiasmotociclisticas.com.br\/wp-content\/uploads\/2024\/10\/Yamaha-Tracer-9-2025-1-300x169.webp 300w\" sizes=\"auto, (max-width: 750px) 100vw, 750px\" \/><\/a><\/figure>\n\n\n\n<figure class=\"wp-block-image size-large\"><a href=\"https:\/\/noticiasmotociclisticas.com.br\/wp-content\/uploads\/2024\/10\/Yamaha-Tracer-9-2025-7.webp\"><img loading=\"lazy\" decoding=\"async\" width=\"750\" height=\"422\" data-id=\"77621\" src=\"https:\/\/noticiasmotociclisticas.com.br\/wp-content\/uploads\/2024\/10\/Yamaha-Tracer-9-2025-7.webp\" alt=\"\" class=\"wp-image-77621\" srcset=\"https:\/\/noticiasmotociclisticas.com.br\/wp-content\/uploads\/2024\/10\/Yamaha-Tracer-9-2025-7.webp 750w, https:\/\/noticiasmotociclisticas.com.br\/wp-content\/uploads\/2024\/10\/Yamaha-Tracer-9-2025-7-300x169.webp 300w\" sizes=\"auto, (max-width: 750px) 100vw, 750px\" \/><\/a><\/figure>\n<\/figure>\n","protected":false},"excerpt":{"rendered":"<p>A Yamaha apresentou hoje (29) o modelo 2025 da Tracer 9, que ganhou um visual ainda mais carregado<\/p>\n","protected":false},"author":2,"featured_media":77615,"comment_status":"closed","ping_status":"closed","sticky":false,"template":"","format":"standard","meta":{"footnotes":""},"categories":[12],"tags":[67],"class_list":["post-77612","post","type-post","status-publish","format-standard","has-post-thumbnail","hentry","category-noticias","tag-slider-2"],"_links":{"self":[{"href":"https:\/\/noticiasmotociclisticas.com.br\/index.php?rest_route=\/wp\/v2\/posts\/77612","targetHints":{"allow":["GET"]}}],"collection":[{"href":"https:\/\/noticiasmotociclisticas.com.br\/index.php?rest_route=\/wp\/v2\/posts"}],"about":[{"href":"https:\/\/noticiasmotociclisticas.com.br\/index.php?rest_route=\/wp\/v2\/types\/post"}],"author":[{"embeddable":true,"href":"https:\/\/noticiasmotociclisticas.com.br\/index.php?rest_route=\/wp\/v2\/users\/2"}],"replies":[{"embeddable":true,"href":"https:\/\/noticiasmotociclisticas.com.br\/index.php?rest_route=%2Fwp%2Fv2%2Fcomments&post=77612"}],"version-history":[{"count":5,"href":"https:\/\/noticiasmotociclisticas.com.br\/index.php?rest_route=\/wp\/v2\/posts\/77612\/revisions"}],"predecessor-version":[{"id":77624,"href":"https:\/\/noticiasmotociclisticas.com.br\/index.php?rest_route=\/wp\/v2\/posts\/77612\/revisions\/77624"}],"wp:featuredmedia":[{"embeddable":true,"href":"https:\/\/noticiasmotociclisticas.com.br\/index.php?rest_route=\/wp\/v2\/media\/77615"}],"wp:attachment":[{"href":"https:\/\/noticiasmotociclisticas.com.br\/index.php?rest_route=%2Fwp%2Fv2%2Fmedia&parent=77612"}],"wp:term":[{"taxonomy":"category","embeddable":true,"href":"https:\/\/noticiasmotociclisticas.com.br\/index.php?rest_route=%2Fwp%2Fv2%2Fcategories&post=77612"},{"taxonomy":"post_tag","embeddable":true,"href":"https:\/\/noticiasmotociclisticas.com.br\/index.php?rest_route=%2Fwp%2Fv2%2Ftags&post=77612"}],"curies":[{"name":"wp","href":"https:\/\/api.w.org\/{rel}","templated":true}]}}