{"id":77596,"date":"2024-10-28T15:34:56","date_gmt":"2024-10-28T18:34:56","guid":{"rendered":"https:\/\/noticiasmotociclisticas.com.br\/?p=77596"},"modified":"2024-10-28T15:35:03","modified_gmt":"2024-10-28T18:35:03","slug":"harley-davidson-queda-de-13-no-terceiro-trimestre","status":"publish","type":"post","link":"https:\/\/noticiasmotociclisticas.com.br\/?p=77596","title":{"rendered":"Harley-Davidson: queda de 13% no terceiro trimestre"},"content":{"rendered":"\n<h3 class=\"wp-block-heading has-vivid-red-color has-text-color has-link-color wp-elements-4930db8a2ffee173098dc9c6b635bda1\">A Harley-Davidson relatou o seu balan\u00e7o comercial do terceiro trimestre deste ano (Q3) e os resultados, como era de se esperar, n\u00e3o foram muito bons: queda de 13% nas vendas em rela\u00e7\u00e3o ao mesmo per\u00edodo do ano passado e de -49% no lucro operacional. Mas n\u00e3o \u00e9 s\u00f3 eles que est\u00e3o nessa situa\u00e7\u00e3o.<\/h3>\n\n\n\n<figure class=\"wp-block-image aligncenter size-full\"><a href=\"https:\/\/noticiasmotociclisticas.com.br\/wp-content\/uploads\/2022\/01\/Harley-Davidson-Low-Rider-S-2022-Teaser.jpg\"><img decoding=\"async\" src=\"https:\/\/noticiasmotociclisticas.com.br\/wp-content\/uploads\/2022\/01\/Harley-Davidson-Low-Rider-S-2022-Teaser.jpg\" alt=\"\" class=\"wp-image-61425\"\/><\/a><\/figure>\n\n\n\n<p>Embora tenha vendido mais de 27.300 motocicletas neste per\u00edodo do ano passado, este ano foram pouco mais de 24.600 unidades.\u00a0Os n\u00fameros parecem ainda mais sombrios quando voc\u00ea olha para o lucro operacional: US$ 106 milh\u00f5es, contra US$ 209 milh\u00f5es do mesmo per\u00edodo no ano anterior.\u00a0<\/p>\n\n<script async src=\"https:\/\/pagead2.googlesyndication.com\/pagead\/js\/adsbygoogle.js?client=ca-pub-8336138695442191\"\n     crossorigin=\"anonymous\"><\/script>\n<ins class=\"adsbygoogle\"\n     style=\"display:block; text-align:center;\"\n     data-ad-layout=\"in-article\"\n     data-ad-format=\"fluid\"\n     data-ad-client=\"ca-pub-8336138695442191\"\n     data-ad-slot=\"3523231789\"><\/ins>\n<script>\n     (adsbygoogle = window.adsbygoogle || []).push({});\n<\/script>\n\n<p>Os mercados da \u00c1frica, Europa e M\u00e9dio Oriente registaram um decl\u00ednio significativo de at\u00e9 23%. Na \u00c1sia, as vendas tamb\u00e9m ca\u00edram 16%. O mercado interno sofreu um grande impacto, com uma queda de 10%.\u00a0Apenas na Am\u00e9rica Latina as vendas aumentaram, 4%<\/p>\n\n\n\n<p>Isso tamb\u00e9m tem consequ\u00eancias importantes para o estoque dos concession\u00e1rios, que ficam maiores devido \u00e0s vendas fracas. Em 2022, ainda havia 35 mil motocicletas em estoque em todo o mundo. Em 2023 aumentou para 50 mil unidades e agora em 2024, j\u00e1 est\u00e3o em 60 mil.<\/p>\n\n\n\n<p>Nada disso \u00e9 uma boa not\u00edcia, \u00e9 claro, mas dessa vez vamos olhar o quadro de forma mais ampla. Assim, podemos ver que a Harley-Davidson n\u00e3o est\u00e1 sozinha.\u00a0A sua principal rival Polaris (dona da marca Indian) relatou um decl\u00ednio de 13% nas vendas e de 16,9% no lucro bruto no mesmo per\u00edodo.<\/p>\n\n\n\n<p>Enquanto isso, na Europa, a <a href=\"https:\/\/noticiasmotociclisticas.com.br\/bmw-motorrad-tem-aumento-de-vendas-e-queda-de-lucro-no-primeiro-semestre-de-2024\/\">BMW tamb\u00e9m n\u00e3o est\u00e1 sorrindo t\u00e3o fartamente quanto no ano passado<\/a> e as express\u00f5es est\u00e3o definitivamente fechadas na rival KTM, que reportou uma <a href=\"https:\/\/noticiasmotociclisticas.com.br\/ktm-queda-de-vendas-e-producao-cada-vez-mais-na-asia\/\">queda acentuada de vendas nos \u00faltimos meses<\/a> e que at\u00e9 j\u00e1 geraram <a href=\"https:\/\/noticiasmotociclisticas.com.br\/grupo-dono-da-ktm-demite-quatro-de-seis-executivos-do-grupo-administrativo\/\">demiss\u00f5es no Conselho Administrativo<\/a> do grupo.<\/p>\n\n\n\n<p>Bem, e o que ocasionou isso tudo? Jochen Zeitz, CEO da Harley-Davidson cita altas taxas de juros, incerteza macroecon\u00f4mica e pol\u00edtica como tendo um impacto negativo na ind\u00fastria. Os EUA est\u00e3o em um decisivo ano eleitoral e a Costa Leste foi muito afetada pelo furac\u00e3o Milton.<\/p>\n\n\n\n<p>Al\u00e9m disso, a Harley-Davidson apresenta n\u00fameros ligeiramente melhores para o ano inteiro. At\u00e9 agora em 2024, as vendas tem sido 5% inferiores \u00e0s de 2023, medidas no mesmo per\u00edodo. Al\u00e9m disso, a renda operacional aumentou em US$ 17 milh\u00f5es no terceiro trimestre, ou 29%.<\/p>\n\n\n\n<p>&#8220;<em>Trabalhamos diligentemente durante o trimestre para mitigar o impacto das altas taxas de juros e da incerteza macroecon\u00f4mica e pol\u00edtica, que continuam a pressionar nossa ind\u00fastria e clientes, especialmente em nossos principais mercados&#8221;<\/em>, disse Zeitz. <\/p>\n\n<script async src=\"https:\/\/pagead2.googlesyndication.com\/pagead\/js\/adsbygoogle.js?client=ca-pub-8336138695442191\"\n     crossorigin=\"anonymous\"><\/script>\n<ins class=\"adsbygoogle\"\n     style=\"display:block\"\n     data-ad-format=\"fluid\"\n     data-ad-layout-key=\"-6t+ed+2i-1n-4w\"\n     data-ad-client=\"ca-pub-8336138695442191\"\n     data-ad-slot=\"1046824833\"><\/ins>\n<script>\n     (adsbygoogle = window.adsbygoogle || []).push({});\n<\/script>\n\n<p><em>&#8220;Estamos muito satisfeitos com a recep\u00e7\u00e3o da nossa linha Touring e estamos trabalhando duro para preparar a empresa para um s\u00f3lido 2025. Estamos otimistas sobre nossa capacidade de fazer um progresso s\u00f3lido no novo ano e esperamos que mais redu\u00e7\u00f5es nas taxas de juros e a melhoria da confian\u00e7a do consumidor forne\u00e7am \u00e0 ind\u00fastria o vento favor\u00e1vel necess\u00e1rio&#8221;<\/em>, encerrou.<\/p>\n","protected":false},"excerpt":{"rendered":"<p>A Harley-Davidson relatou o seu balan\u00e7o comercial do terceiro trimestre deste ano (Q3) e os resultados, como era<\/p>\n","protected":false},"author":2,"featured_media":0,"comment_status":"closed","ping_status":"closed","sticky":false,"template":"","format":"standard","meta":{"footnotes":""},"categories":[12],"tags":[67],"class_list":["post-77596","post","type-post","status-publish","format-standard","hentry","category-noticias","tag-slider-2"],"_links":{"self":[{"href":"https:\/\/noticiasmotociclisticas.com.br\/index.php?rest_route=\/wp\/v2\/posts\/77596","targetHints":{"allow":["GET"]}}],"collection":[{"href":"https:\/\/noticiasmotociclisticas.com.br\/index.php?rest_route=\/wp\/v2\/posts"}],"about":[{"href":"https:\/\/noticiasmotociclisticas.com.br\/index.php?rest_route=\/wp\/v2\/types\/post"}],"author":[{"embeddable":true,"href":"https:\/\/noticiasmotociclisticas.com.br\/index.php?rest_route=\/wp\/v2\/users\/2"}],"replies":[{"embeddable":true,"href":"https:\/\/noticiasmotociclisticas.com.br\/index.php?rest_route=%2Fwp%2Fv2%2Fcomments&post=77596"}],"version-history":[{"count":1,"href":"https:\/\/noticiasmotociclisticas.com.br\/index.php?rest_route=\/wp\/v2\/posts\/77596\/revisions"}],"predecessor-version":[{"id":77597,"href":"https:\/\/noticiasmotociclisticas.com.br\/index.php?rest_route=\/wp\/v2\/posts\/77596\/revisions\/77597"}],"wp:attachment":[{"href":"https:\/\/noticiasmotociclisticas.com.br\/index.php?rest_route=%2Fwp%2Fv2%2Fmedia&parent=77596"}],"wp:term":[{"taxonomy":"category","embeddable":true,"href":"https:\/\/noticiasmotociclisticas.com.br\/index.php?rest_route=%2Fwp%2Fv2%2Fcategories&post=77596"},{"taxonomy":"post_tag","embeddable":true,"href":"https:\/\/noticiasmotociclisticas.com.br\/index.php?rest_route=%2Fwp%2Fv2%2Ftags&post=77596"}],"curies":[{"name":"wp","href":"https:\/\/api.w.org\/{rel}","templated":true}]}}