{"id":77589,"date":"2024-10-28T13:42:58","date_gmt":"2024-10-28T16:42:58","guid":{"rendered":"https:\/\/noticiasmotociclisticas.com.br\/?p=77589"},"modified":"2024-10-28T13:50:29","modified_gmt":"2024-10-28T16:50:29","slug":"novas-bmw-m1000rr-e-m1000r-vao-ser-apresentadas-em-30-de-outubro","status":"publish","type":"post","link":"https:\/\/noticiasmotociclisticas.com.br\/?p=77589","title":{"rendered":"Novas BMW M1000RR e M1000R v\u00e3o ser apresentadas em 30 de outubro"},"content":{"rendered":"\n<h3 class=\"wp-block-heading has-vivid-red-color has-text-color has-link-color wp-elements-48167a06028d8844a4caaebca7345d12\">A BMW Motorrad come\u00e7ou a divulgar em suas redes sociais os primeiros teasers do que parecer as novas M1000RR e M1000R profetizadas pelo novo campe\u00e3o do WorldSBK, Toprak Razgatlioglu.<\/h3>\n\n\n\n<figure class=\"wp-block-image aligncenter size-full is-resized\"><a href=\"https:\/\/noticiasmotociclisticas.com.br\/wp-content\/uploads\/2024\/10\/BMW-M1000R-e-M1000RR-teaser-OCT24.jpg\"><img loading=\"lazy\" decoding=\"async\" width=\"720\" height=\"405\" src=\"https:\/\/noticiasmotociclisticas.com.br\/wp-content\/uploads\/2024\/10\/BMW-M1000R-e-M1000RR-teaser-OCT24.jpg\" alt=\"\" class=\"wp-image-77590\" style=\"width:650px\" srcset=\"https:\/\/noticiasmotociclisticas.com.br\/wp-content\/uploads\/2024\/10\/BMW-M1000R-e-M1000RR-teaser-OCT24.jpg 720w, https:\/\/noticiasmotociclisticas.com.br\/wp-content\/uploads\/2024\/10\/BMW-M1000R-e-M1000RR-teaser-OCT24-300x169.jpg 300w\" sizes=\"auto, (max-width: 720px) 100vw, 720px\" \/><\/a><\/figure>\n\n\n\n<p>Razgatlioglu conquistou, h\u00e1 duas semanas, <a href=\"https:\/\/noticiasmotociclisticas.com.br\/worldsbk-com-segundo-lugar-razgatlioglu-garante-titulo-na-corrida-1-em-jerez\/\">o seu segundo t\u00edtulo mundial no campeonato e o primeiro da BMW<\/a>, o que parecia imposs\u00edvel no in\u00edcio do ano. Na mesma \u00e9poca, o turco revelou, sem querer querendo, que <a href=\"https:\/\/noticiasmotociclisticas.com.br\/nova-bmw-m1000rr-vem-ai\/\">uma nova M1000RR estava sendo desenvolvida<\/a> para 2025.<\/p>\n\n\n<p><script async src=\"https:\/\/pagead2.googlesyndication.com\/pagead\/js\/adsbygoogle.js?client=ca-pub-8336138695442191\"\n     crossorigin=\"anonymous\"><\/script><br \/>\n<ins class=\"adsbygoogle\"\n     style=\"display:block; text-align:center;\"\n     data-ad-layout=\"in-article\"\n     data-ad-format=\"fluid\"\n     data-ad-client=\"ca-pub-8336138695442191\"\n     data-ad-slot=\"3523231789\"><\/ins><br \/>\n<script><br \/>\n     (adsbygoogle = window.adsbygoogle || []).push({});<br \/>\n<\/script><\/p>\n\n\n<p>O teaser divulgado h\u00e1 alguns dias (abaixo) mostra Razgatl\u0131o\u011flu e o seu companheiro de equipe Michael van der Mark trocando um pneu de uma roda de fibra de carbono. Uma r\u00e1pida tomada aos 2 segundos mostra o que \u00e9 claramente uma M1000RR.<\/p>\n\n\n\n<p>A aleta tem um formato visivelmente diferente da M1000RR que Razgatl\u0131o\u011flu correu no campeonato de 2024. O novo design n\u00e3o \u00e9 t\u00e3o quadrado quanto o anterior, e a borda inferior sobe em dire\u00e7\u00e3o \u00e0 borda superior \u00e0 medida que se aproxima da moto.<\/p>\n\n\n\n<p>Uma postagem no Instagram (acima) mostra os dois pilotos cada um em uma moto, prontos para ir para a pista, mas acompanhada por uma segunda foto de uma moto diferente realizando um burnout. Apesar da nuvem de fuma\u00e7a, podemos ver que ela n\u00e3o tem carenagem e deve ser uma M1000R.<\/p>\n\n\n\n<p>Enquanto algumas campanhas publicit\u00e1rias tentam ser muito cautelosas sobre o que devem divulgar, os teasers da BMW deixam muito pouca d\u00favida sobre o que est\u00e1 por vir, t\u00e3o orgulhosa que est\u00e1 dos seus recentes feitos nas pistas com Razgatl\u0131o\u011flu.<\/p>\n\n\n<p><script async src=\"https:\/\/pagead2.googlesyndication.com\/pagead\/js\/adsbygoogle.js?client=ca-pub-8336138695442191\"\n     crossorigin=\"anonymous\"><\/script><br \/>\n<ins class=\"adsbygoogle\"\n     style=\"display:block\"\n     data-ad-format=\"fluid\"\n     data-ad-layout-key=\"-6t+ed+2i-1n-4w\"\n     data-ad-client=\"ca-pub-8336138695442191\"\n     data-ad-slot=\"1046824833\"><\/ins><br \/>\n<script><br \/>\n     (adsbygoogle = window.adsbygoogle || []).push({});<br \/>\n<\/script><\/p>\n\n\n<p>Al\u00e9m disso, documentos de homologa\u00e7\u00e3o na Su\u00ed\u00e7a foram aprovados em 7 de outubro com o c\u00f3digo de tipo \u201cSR99\u201d e um n\u00famero de identifica\u00e7\u00e3o do ve\u00edculo come\u00e7ando com \u201cWB10P21\u201d. O modelo existente usa o c\u00f3digo \u201c2R99\u201d e um VIN come\u00e7ando com \u201cWB10E61\u201d.<\/p>\n\n\n\n<p>Ao que tudo indica, as vers\u00f5es de competi\u00e7\u00e3o M1000RR e M1000R ser\u00e3o apresentadas ao mesmo tempo, na pr\u00f3xima quarta-feira (30). J\u00e1 as vers\u00f5es de rua (S1000RR e S1000R) provavelmente ser\u00e3o anunciadas mais tarde no ano.<\/p>\n\n\n<p><iframe loading=\"lazy\" width=\"655\" height=\"517\" src=\"https:\/\/www.youtube.com\/embed\/4-N9YXBY6Pk?si=ZVvakjf4Lph7CIa2\" title=\"YouTube video player\" frameborder=\"0\" allow=\"accelerometer; autoplay; clipboard-write; encrypted-media; gyroscope; picture-in-picture; web-share\" referrerpolicy=\"strict-origin-when-cross-origin\" allowfullscreen><\/iframe><\/p>","protected":false},"excerpt":{"rendered":"<p>A BMW Motorrad come\u00e7ou a divulgar em suas redes sociais os primeiros teasers do que parecer as novas<\/p>\n","protected":false},"author":2,"featured_media":77590,"comment_status":"closed","ping_status":"closed","sticky":false,"template":"","format":"standard","meta":{"footnotes":""},"categories":[12],"tags":[],"class_list":["post-77589","post","type-post","status-publish","format-standard","has-post-thumbnail","hentry","category-noticias"],"_links":{"self":[{"href":"https:\/\/noticiasmotociclisticas.com.br\/index.php?rest_route=\/wp\/v2\/posts\/77589","targetHints":{"allow":["GET"]}}],"collection":[{"href":"https:\/\/noticiasmotociclisticas.com.br\/index.php?rest_route=\/wp\/v2\/posts"}],"about":[{"href":"https:\/\/noticiasmotociclisticas.com.br\/index.php?rest_route=\/wp\/v2\/types\/post"}],"author":[{"embeddable":true,"href":"https:\/\/noticiasmotociclisticas.com.br\/index.php?rest_route=\/wp\/v2\/users\/2"}],"replies":[{"embeddable":true,"href":"https:\/\/noticiasmotociclisticas.com.br\/index.php?rest_route=%2Fwp%2Fv2%2Fcomments&post=77589"}],"version-history":[{"count":2,"href":"https:\/\/noticiasmotociclisticas.com.br\/index.php?rest_route=\/wp\/v2\/posts\/77589\/revisions"}],"predecessor-version":[{"id":77593,"href":"https:\/\/noticiasmotociclisticas.com.br\/index.php?rest_route=\/wp\/v2\/posts\/77589\/revisions\/77593"}],"wp:featuredmedia":[{"embeddable":true,"href":"https:\/\/noticiasmotociclisticas.com.br\/index.php?rest_route=\/wp\/v2\/media\/77590"}],"wp:attachment":[{"href":"https:\/\/noticiasmotociclisticas.com.br\/index.php?rest_route=%2Fwp%2Fv2%2Fmedia&parent=77589"}],"wp:term":[{"taxonomy":"category","embeddable":true,"href":"https:\/\/noticiasmotociclisticas.com.br\/index.php?rest_route=%2Fwp%2Fv2%2Fcategories&post=77589"},{"taxonomy":"post_tag","embeddable":true,"href":"https:\/\/noticiasmotociclisticas.com.br\/index.php?rest_route=%2Fwp%2Fv2%2Ftags&post=77589"}],"curies":[{"name":"wp","href":"https:\/\/api.w.org\/{rel}","templated":true}]}}