{"id":77584,"date":"2024-10-28T08:40:43","date_gmt":"2024-10-28T11:40:43","guid":{"rendered":"https:\/\/noticiasmotociclisticas.com.br\/?p=77584"},"modified":"2024-10-28T08:47:02","modified_gmt":"2024-10-28T11:47:02","slug":"iannone-correra-gp-da-malasia-no-lugar-de-di-giannantonio","status":"publish","type":"post","link":"https:\/\/noticiasmotociclisticas.com.br\/?p=77584","title":{"rendered":"Iannone correr\u00e1 GP da Mal\u00e1sia no lugar de Di Giannantonio"},"content":{"rendered":"\n<h3 class=\"wp-block-heading has-vivid-red-color has-text-color has-link-color wp-elements-1ea8ff4b55bc304739d8e772a9d288e0\">A equipe VR46 anunciou hoje (28) que Andrea Iannone disputar\u00e1 com eles o GP da Mal\u00e1sia de MotoGP no pr\u00f3ximo domingo. O italiano, que voltou \u00e0s pistas esse ano, depois de uma puni\u00e7\u00e3o de 4 anos por doping, correr\u00e1 com a moto do lesionado Fabio di Giannantonio.<\/h3>\n\n\n\n<figure class=\"wp-block-image aligncenter size-large is-resized\"><a href=\"https:\/\/noticiasmotociclisticas.com.br\/wp-content\/uploads\/2023\/09\/Andrea-Iannone-2023-2.jpg\"><img loading=\"lazy\" decoding=\"async\" width=\"1024\" height=\"683\" src=\"https:\/\/noticiasmotociclisticas.com.br\/wp-content\/uploads\/2023\/09\/Andrea-Iannone-2023-2-1024x683.jpg\" alt=\"\" class=\"wp-image-69996\" style=\"width:650px\" srcset=\"https:\/\/noticiasmotociclisticas.com.br\/wp-content\/uploads\/2023\/09\/Andrea-Iannone-2023-2-1024x683.jpg 1024w, https:\/\/noticiasmotociclisticas.com.br\/wp-content\/uploads\/2023\/09\/Andrea-Iannone-2023-2-300x200.jpg 300w, https:\/\/noticiasmotociclisticas.com.br\/wp-content\/uploads\/2023\/09\/Andrea-Iannone-2023-2-768x512.jpg 768w, https:\/\/noticiasmotociclisticas.com.br\/wp-content\/uploads\/2023\/09\/Andrea-Iannone-2023-2.jpg 1200w\" sizes=\"auto, (max-width: 1024px) 100vw, 1024px\" \/><\/a><\/figure>\n\n\n\n<p>Di Giannantonio precisar\u00e1 se ausentar das duas \u00faltimas etapas do ano para realizar uma cirurgia reparadora no ombro esquerdo, lesionado em uma queda no GP da \u00c1ustria. O italiano vem correndo com muitas dores e preferiu encerrar mais cedo a temporada para chegar pronto em 2025.<\/p>\n\n\n<p><script async src=\"https:\/\/pagead2.googlesyndication.com\/pagead\/js\/adsbygoogle.js?client=ca-pub-8336138695442191\"\n     crossorigin=\"anonymous\"><\/script><br \/>\n<ins class=\"adsbygoogle\"\n     style=\"display:block; text-align:center;\"\n     data-ad-layout=\"in-article\"\n     data-ad-format=\"fluid\"\n     data-ad-client=\"ca-pub-8336138695442191\"\n     data-ad-slot=\"3523231789\"><\/ins><br \/>\n<script><br \/>\n     (adsbygoogle = window.adsbygoogle || []).push({});<br \/>\n<\/script><\/p>\n\n\n<p>Isso deixou a equipe VR46 sem piloto para o GP da Mal\u00e1sia e o GP de Val\u00eancia. O escolhido foi Andrea Iannone, que n\u00e3o disputa uma corrida de MotoGP desde o fim de 2019. Em dezembro daquele ano, a FIM  aplicou-lhe uma penalidade de quatro anos longe das pistas resultado de um teste anti-doping positivo.<\/p>\n\n\n\n<p>Iannone, fez de tudo, recorreu at\u00e9 as \u00faltimas inst\u00e2ncias no Tribunal do Esporte na Su\u00ed\u00e7a, mas n\u00e3o teve jeito. O italiano teve que esperar pacientemente pelo t\u00e9rmino da sua san\u00e7\u00e3o, o que aconteceu no in\u00edcio desse ano. A volta \u00e0s pistas aconteceu no WorldSBK, onde foi um dos protagonistas nessa temporada.<\/p>\n\n\n\n<p><em>\u201cPilotar a moto campe\u00e3 mundial \u00e9 emocionante. A MotoGP \u00e9 a motocicleta mais tecnol\u00f3gica e de alto desempenho; estou honrado que eles pensaram em mim, e me senti compelido a aproveitar esta oportunidade assim que me foi oferecida&#8221;<\/em>, disse Iannone.<\/p>\n\n\n\n<p> <em>&#8220;O desafio \u00e9 definitivamente louco, complexo e importante, pois n\u00e3o piloto uma moto desta categoria h\u00e1 anos e n\u00e3o fiz nenhum teste. Estou animado para trabalhar com a Ducati e a VR46, tanto pelo alt\u00edssimo n\u00edvel quanto pela amizade que nos une h\u00e1 anos. Gostaria de agradecer a Valentino Rossi, Alessio Salucci, Pablo Nieto, Gigi Dall&#8217;Igna, Claudio Domenicali e Mauro Grassilli.\u201d<\/em><\/p>\n\n\n<p><script async src=\"https:\/\/pagead2.googlesyndication.com\/pagead\/js\/adsbygoogle.js?client=ca-pub-8336138695442191\"\n     crossorigin=\"anonymous\"><\/script><br \/>\n<ins class=\"adsbygoogle\"\n     style=\"display:block\"\n     data-ad-format=\"fluid\"\n     data-ad-layout-key=\"-6t+ed+2i-1n-4w\"\n     data-ad-client=\"ca-pub-8336138695442191\"\n     data-ad-slot=\"1046824833\"><\/ins><br \/>\n<script><br \/>\n     (adsbygoogle = window.adsbygoogle || []).push({});<br \/>\n<\/script><\/p>\n\n\n<p>O diretor da equipe e bra\u00e7o direito de Valentino Rossi, &#8220;Uccio&#8221; Salucci tamb\u00e9m est\u00e1 empolgado: <em>&#8220;Andrea provou estar em excelente forma; ele terminou a temporada do WorldSBK em alta e sempre se manteve pr\u00f3ximo da Ducati. Al\u00e9m disso, ele \u00e9 um grande amigo da fam\u00edlia VR46, tanto pessoalmente quanto de Vale. Estamos muito satisfeitos em receb\u00ea-lo. \u00c9 realmente uma \u00f3tima hist\u00f3ria!&#8221;<\/em><\/p>\n\n\n\n<p>A volta de Iannone tamb\u00e9m \u00e9 uma boa not\u00edcia para a MotoGP. Conhecido como &#8220;Man\u00edaco&#8221; por seu estilo de pilotagem agressivo e imprevis\u00edvel, o italiano conquistou a primeira vit\u00f3ria da Ducati dos tempos modernos, no GP da \u00c1ustria de 2016. Depois teve passagens pela Suzuki e pela Aprilia.<\/p>\n\n\n\n<p> <\/p>\n","protected":false},"excerpt":{"rendered":"<p>A equipe VR46 anunciou hoje (28) que Andrea Iannone disputar\u00e1 com eles o GP da Mal\u00e1sia de MotoGP<\/p>\n","protected":false},"author":2,"featured_media":69996,"comment_status":"closed","ping_status":"closed","sticky":false,"template":"","format":"standard","meta":{"footnotes":""},"categories":[7],"tags":[],"class_list":["post-77584","post","type-post","status-publish","format-standard","has-post-thumbnail","hentry","category-motogp"],"_links":{"self":[{"href":"https:\/\/noticiasmotociclisticas.com.br\/index.php?rest_route=\/wp\/v2\/posts\/77584","targetHints":{"allow":["GET"]}}],"collection":[{"href":"https:\/\/noticiasmotociclisticas.com.br\/index.php?rest_route=\/wp\/v2\/posts"}],"about":[{"href":"https:\/\/noticiasmotociclisticas.com.br\/index.php?rest_route=\/wp\/v2\/types\/post"}],"author":[{"embeddable":true,"href":"https:\/\/noticiasmotociclisticas.com.br\/index.php?rest_route=\/wp\/v2\/users\/2"}],"replies":[{"embeddable":true,"href":"https:\/\/noticiasmotociclisticas.com.br\/index.php?rest_route=%2Fwp%2Fv2%2Fcomments&post=77584"}],"version-history":[{"count":2,"href":"https:\/\/noticiasmotociclisticas.com.br\/index.php?rest_route=\/wp\/v2\/posts\/77584\/revisions"}],"predecessor-version":[{"id":77586,"href":"https:\/\/noticiasmotociclisticas.com.br\/index.php?rest_route=\/wp\/v2\/posts\/77584\/revisions\/77586"}],"wp:featuredmedia":[{"embeddable":true,"href":"https:\/\/noticiasmotociclisticas.com.br\/index.php?rest_route=\/wp\/v2\/media\/69996"}],"wp:attachment":[{"href":"https:\/\/noticiasmotociclisticas.com.br\/index.php?rest_route=%2Fwp%2Fv2%2Fmedia&parent=77584"}],"wp:term":[{"taxonomy":"category","embeddable":true,"href":"https:\/\/noticiasmotociclisticas.com.br\/index.php?rest_route=%2Fwp%2Fv2%2Fcategories&post=77584"},{"taxonomy":"post_tag","embeddable":true,"href":"https:\/\/noticiasmotociclisticas.com.br\/index.php?rest_route=%2Fwp%2Fv2%2Ftags&post=77584"}],"curies":[{"name":"wp","href":"https:\/\/api.w.org\/{rel}","templated":true}]}}