{"id":77537,"date":"2024-10-25T07:55:58","date_gmt":"2024-10-25T10:55:58","guid":{"rendered":"https:\/\/noticiasmotociclisticas.com.br\/?p=77537"},"modified":"2024-10-25T08:09:25","modified_gmt":"2024-10-25T11:09:25","slug":"marquez-lidera-treino-acirrado-na-tailandia","status":"publish","type":"post","link":"https:\/\/noticiasmotociclisticas.com.br\/?p=77537","title":{"rendered":"M\u00e1rquez lidera treino acirrado na Tail\u00e2ndia"},"content":{"rendered":"\n<h3 class=\"wp-block-heading has-vivid-red-color has-text-color has-link-color wp-elements-41381d3c258054d274c5c3eb645d7636\">Marc M\u00e1rquez foi o mais r\u00e1pido hoje (25), no treino que define as entradas para o Q2 do Grande Pr\u00eamio da Tail\u00e2ndia. Os duelistas pelo t\u00edtulo, Jorge Martin e Pecco Bagnaia ficaram em segundo e quarto lugares em uma sess\u00e3o muito acirrada.<\/h3>\n\n\n\n<figure class=\"wp-block-image aligncenter size-large is-resized\"><a href=\"https:\/\/noticiasmotociclisticas.com.br\/wp-content\/uploads\/2024\/10\/Marc-Marquez-GP-da-Tailandia-2024-practice.jpg\"><img loading=\"lazy\" decoding=\"async\" width=\"1024\" height=\"683\" src=\"https:\/\/noticiasmotociclisticas.com.br\/wp-content\/uploads\/2024\/10\/Marc-Marquez-GP-da-Tailandia-2024-practice-1024x683.jpg\" alt=\"\" class=\"wp-image-77539\" style=\"width:650px\" srcset=\"https:\/\/noticiasmotociclisticas.com.br\/wp-content\/uploads\/2024\/10\/Marc-Marquez-GP-da-Tailandia-2024-practice-1024x683.jpg 1024w, https:\/\/noticiasmotociclisticas.com.br\/wp-content\/uploads\/2024\/10\/Marc-Marquez-GP-da-Tailandia-2024-practice-300x200.jpg 300w, https:\/\/noticiasmotociclisticas.com.br\/wp-content\/uploads\/2024\/10\/Marc-Marquez-GP-da-Tailandia-2024-practice-768x512.jpg 768w, https:\/\/noticiasmotociclisticas.com.br\/wp-content\/uploads\/2024\/10\/Marc-Marquez-GP-da-Tailandia-2024-practice.jpg 1200w\" sizes=\"auto, (max-width: 1024px) 100vw, 1024px\" \/><\/a><\/figure>\n\n\n\n<p>No treino livre pela manh\u00e3 (FP1) seis Ducati, ficaram a frente, lideradas por Marco Bezzecchi (VR46). Mais uma vez o melhor piloto de outra moto foi Pedro Acosta (KTM), que, para alegria dos f\u00e3s, voltou \u00e0 pista aparentemente sem queixas ap\u00f3s a sua queda no GP da Austr\u00e1lia, h\u00e1 uma semana.<\/p>\n\n\n<p><script async src=\"https:\/\/pagead2.googlesyndication.com\/pagead\/js\/adsbygoogle.js?client=ca-pub-8336138695442191\"\n     crossorigin=\"anonymous\"><\/script><br \/>\n<ins class=\"adsbygoogle\"\n     style=\"display:block; text-align:center;\"\n     data-ad-layout=\"in-article\"\n     data-ad-format=\"fluid\"\n     data-ad-client=\"ca-pub-8336138695442191\"\n     data-ad-slot=\"3523231789\"><\/ins><br \/>\n<script><br \/>\n     (adsbygoogle = window.adsbygoogle || []).push({});<br \/>\n<\/script><\/p>\n\n\n<p>Foi tamb\u00e9m Acosta quem acendeu o fogo no in\u00edcio do treino que define as 10 primeiras vagas para o Q2 \u00e0 tarde. O rookie espanhol e Fabio Quartararo (Yamaha) foram os \u00fanicos a conseguirem desafiar as Ducati nos primeiros 20 minutos da sess\u00e3o.<\/p>\n\n\n\n<p>Antes do intervalo, Quartararo estava a apenas 0,08 acima do melhor tempo provis\u00f3rio de M\u00e1rquez. Pecco Bagnaia vinha na sequ\u00eancia seguido de Acosta e Jorge Martin. Depois, novamente duas Ducati GP24 com Franco Morbidelli e Enea Bastianini. <\/p>\n\n\n\n<p>Na volta \u00e0 pista, Acosta voltou a ficar em segundo lugar, \u00e0 frente de Quartararo. A diferen\u00e7a entre os quatro primeiros pilotos a vinte minutos do final era apenas 0s090. Mais do que isso: a dist\u00e2ncia do l\u00edder para o 16\u00aa colocado, Augusto Fernandez, era de meros 0s449!<\/p>\n\n\n\n<p>Brad Binder (KTM) estabeleceu o pr\u00f3ximo melhor tempo, 1min30s023. Mas o sul-africano n\u00e3o ficou muito tempo em primeiro, superado por Acosta com pneus macios. A 10 minutos do final, Quartararo foi 18 mil\u00e9simos mais r\u00e1pido e colocou a Yamaha na ponta.<\/p>\n\n\n\n<p>Mas apenas dois minutos depois, Quartararo caiu de 1\u00aa para 7\u00aa, j\u00e1 que o esquadr\u00e3o Ducati estava agora no ataque.&nbsp;Martin, Bagnaia e Bastianini foram para as primeiras posi\u00e7\u00f5es. Maverick Vinales (Aprilia) tamb\u00e9m surgiu entre os primeiros.<\/p>\n\n\n<p><script async src=\"https:\/\/pagead2.googlesyndication.com\/pagead\/js\/adsbygoogle.js?client=ca-pub-8336138695442191\"\n     crossorigin=\"anonymous\"><\/script><br \/>\n<ins class=\"adsbygoogle\"\n     style=\"display:block\"\n     data-ad-format=\"fluid\"\n     data-ad-layout-key=\"-6t+ed+2i-1n-4w\"\n     data-ad-client=\"ca-pub-8336138695442191\"\n     data-ad-slot=\"1046824833\"><\/ins><br \/>\n<script><br \/>\n     (adsbygoogle = window.adsbygoogle || []).push({});<br \/>\n<\/script><\/p>\n\n\n<p>No finalzinho, M\u00e1rquez faz o melhor tempo com um novo recorde, 1min29s165. Martin, Bastianini e Bagnaia ficaram logo atr\u00e1s, separados por menos de dois d\u00e9cimos. Vi\u00f1ales manteve a quinta posi\u00e7\u00e3o, o primeiro sem uma Ducati, a frente de Morbidelli e Acosta.<\/p>\n\n\n\n<p>Parece incr\u00edvel, mas em uma quest\u00e3o de minutos, Quartararo foi relegado para 12\u00aa atr\u00e1s de Alex M\u00e1rquez,  Marco Bezzecchi, Johann Zarco e Brad Binder, os dois \u00faltimos com a obriga\u00e7\u00e3o de passar pelo Q1. De qualquer maneira, o GP da Tail\u00e2ndia promete ser emocionante.<\/p>\n\n\n\n<h4 class=\"wp-block-heading\">GP da Tail\u00e2ndia &#8211; Treino que define as entradas para o Q2<\/h4>\n\n\n\n<ol class=\"wp-block-list\">\n<li>Marc M\u00e1rquez (E), Ducati, 1:29.165 min<\/li>\n\n\n\n<li>Jorge Mart\u00edn (E), Ducati, +0,110 seg<\/li>\n\n\n\n<li>Enea Bastianini (I), Ducati, +0,162<\/li>\n\n\n\n<li>Francesco Bagnaia (I), Ducati, + 0,195<\/li>\n\n\n\n<li>Maverick Vi\u00f1ales (E), Aprilia, +0,341<\/li>\n\n\n\n<li>Franco Morbidelli (I), Ducati, +0,384<\/li>\n\n\n\n<li>Pedro Acosta (E), GASGAS, +0,437<\/li>\n\n\n\n<li>Alex M\u00e1rquez (E), Ducati, +0,448<br \/>9 . Marco Bezzecchi (I), Ducati, +0,455<\/li>\n\n\n\n<li>Johann Zarco (F), Honda, +0,517<\/li>\n\n\n\n<li>Brad Binder (ZA), KTM, +0,518<\/li>\n\n\n\n<li>Fabio Quartararo (F), Yamaha, +0,591<\/li>\n\n\n\n<li>Jack Miller (AUS), KTM, +0,672<\/li>\n\n\n\n<li>Ra\u00fal Fern\u00e1ndez (E), Aprilia, +0,692<\/li>\n\n\n\n<li>Takaaki Nakagami (J), Honda, +0,831<\/li>\n\n\n\n<li>Fabio Di Giannantonio (I), Ducati, 0,834<\/li>\n\n\n\n<li>Luca Marini ( I), Honda, +0,973<\/li>\n\n\n\n<li>Alex Rins (E), Yamaha, +1,033<\/li>\n\n\n\n<li>Joan Mir (E), Honda, +1,052<\/li>\n\n\n\n<li>Augusto Fernandez (E), GASGAS, +1,264<\/li>\n\n\n\n<li>Lorenzo Savadori (I) , Aprilia, +1.847<\/li>\n\n\n\n<li>Aleix Espargar\u00f3 (E), Aprilia, +2.218<\/li>\n<\/ol>\n","protected":false},"excerpt":{"rendered":"<p>Marc M\u00e1rquez foi o mais r\u00e1pido hoje (25), no treino que define as entradas para o Q2 do<\/p>\n","protected":false},"author":2,"featured_media":77539,"comment_status":"closed","ping_status":"closed","sticky":false,"template":"","format":"standard","meta":{"footnotes":""},"categories":[7],"tags":[],"class_list":["post-77537","post","type-post","status-publish","format-standard","has-post-thumbnail","hentry","category-motogp"],"_links":{"self":[{"href":"https:\/\/noticiasmotociclisticas.com.br\/index.php?rest_route=\/wp\/v2\/posts\/77537","targetHints":{"allow":["GET"]}}],"collection":[{"href":"https:\/\/noticiasmotociclisticas.com.br\/index.php?rest_route=\/wp\/v2\/posts"}],"about":[{"href":"https:\/\/noticiasmotociclisticas.com.br\/index.php?rest_route=\/wp\/v2\/types\/post"}],"author":[{"embeddable":true,"href":"https:\/\/noticiasmotociclisticas.com.br\/index.php?rest_route=\/wp\/v2\/users\/2"}],"replies":[{"embeddable":true,"href":"https:\/\/noticiasmotociclisticas.com.br\/index.php?rest_route=%2Fwp%2Fv2%2Fcomments&post=77537"}],"version-history":[{"count":9,"href":"https:\/\/noticiasmotociclisticas.com.br\/index.php?rest_route=\/wp\/v2\/posts\/77537\/revisions"}],"predecessor-version":[{"id":77547,"href":"https:\/\/noticiasmotociclisticas.com.br\/index.php?rest_route=\/wp\/v2\/posts\/77537\/revisions\/77547"}],"wp:featuredmedia":[{"embeddable":true,"href":"https:\/\/noticiasmotociclisticas.com.br\/index.php?rest_route=\/wp\/v2\/media\/77539"}],"wp:attachment":[{"href":"https:\/\/noticiasmotociclisticas.com.br\/index.php?rest_route=%2Fwp%2Fv2%2Fmedia&parent=77537"}],"wp:term":[{"taxonomy":"category","embeddable":true,"href":"https:\/\/noticiasmotociclisticas.com.br\/index.php?rest_route=%2Fwp%2Fv2%2Fcategories&post=77537"},{"taxonomy":"post_tag","embeddable":true,"href":"https:\/\/noticiasmotociclisticas.com.br\/index.php?rest_route=%2Fwp%2Fv2%2Ftags&post=77537"}],"curies":[{"name":"wp","href":"https:\/\/api.w.org\/{rel}","templated":true}]}}