{"id":76147,"date":"2024-06-30T10:11:25","date_gmt":"2024-06-30T13:11:25","guid":{"rendered":"https:\/\/noticiasmotociclisticas.com.br\/?p=76147"},"modified":"2024-06-30T10:41:22","modified_gmt":"2024-06-30T13:41:22","slug":"impecavel-bagnaia-vence-na-holanda-de-ponta-a-ponta-e-se-aproxima-de-martin-no-campeonato","status":"publish","type":"post","link":"https:\/\/noticiasmotociclisticas.com.br\/?p=76147","title":{"rendered":"Bagnaia vence na Holanda de ponta a ponta e se aproxima de Martin no campeonato"},"content":{"rendered":"\n<h3 class=\"wp-block-heading has-vivid-red-color has-text-color has-link-color wp-elements-08bb1b39f99694cd0f51b7162db5cde5\">Francesco Bagnaia venceu hoje (30) o GP da Holanda de MotoGP no circuito de Assen. Impec\u00e1vel, o bicampe\u00e3o liderou de ponta a ponta, conseguiu a pontua\u00e7\u00e3o m\u00e1xima e se aproxima de Jorge Martin no campeonato.<\/h3>\n\n\n\n<figure class=\"wp-block-image aligncenter size-large is-resized\"><a href=\"https:\/\/noticiasmotociclisticas.com.br\/wp-content\/uploads\/2024\/06\/Pecco-Bagnaia-GP-da-Holanda-2024-Race.jpg\"><img decoding=\"async\" src=\"https:\/\/noticiasmotociclisticas.com.br\/wp-content\/uploads\/2024\/06\/Pecco-Bagnaia-GP-da-Holanda-2024-Race-1024x682.jpg\" alt=\"\" class=\"wp-image-76153\" style=\"width:650px\"\/><\/a><\/figure>\n\n\n\n<p>Bagnaia (Ducati), que revelou nesse fim de semana, a sua paix\u00e3o pela &#8220;catedral&#8221; de Assen, com uma tatuagem no bra\u00e7o, liderou todas as sess\u00f5es de treinos livres, conquistou a pole position e j\u00e1 havia vencido ontem (29) a Sprint Race com facilidade.<\/p>\n\n\n\n<p>Na corrida tradicional de hoje n\u00e3o foi diferente. Bagnaia largou com perfei\u00e7\u00e3o e tomou a ponta na primeira curva, n\u00e3o dando chances a Maverick Vi\u00f1ales (Aprilia) de tentar nada. O momento foi marcado pelo forte acidente de Alex Rins (Yamaha).<\/p>\n\n\n<p><script async src=\"https:\/\/pagead2.googlesyndication.com\/pagead\/js\/adsbygoogle.js?client=ca-pub-8336138695442191\"\n     crossorigin=\"anonymous\"><\/script><br \/>\n<ins class=\"adsbygoogle\"\n     style=\"display:block; text-align:center;\"\n     data-ad-layout=\"in-article\"\n     data-ad-format=\"fluid\"\n     data-ad-client=\"ca-pub-8336138695442191\"\n     data-ad-slot=\"3523231789\"><\/ins><br \/>\n<script><br \/>\n     (adsbygoogle = window.adsbygoogle || []).push({});<br \/>\n<\/script><\/p>\n\n\n<p>Punido com tr\u00eas posi\u00e7\u00f5es no grid por ter ficado no caminho de outros pilotos nos treinos, Martin (Pramac Ducati) n\u00e3o teve dificuldades em ultrapassar Vi\u00f1ales na primeira volta. O espanhol se esfor\u00e7ou para se aproximar de Bagnaia, mas o italiano estava decidido a n\u00e3o dar chances.<\/p>\n\n\n\n<p>Os dois acabaram abrindo bastante dos demais, que formaram um grupo compacto formado por Vi\u00f1ales, Marc M\u00e1rquez (Gresini Ducati), Fabio di Giannantonio (VR46 Ducati) e Pedro Acosta (KTM). Os quatro foram o grande destaque da corrida na maior parte do tempo.<\/p>\n\n\n\n<p>Na segunda metade da corrida, Enea Bastianini (Ducati), que havia largado apenas em 11\u00aa, apareceu no grupo e, com um \u00f3timo ritmo de corrida, n\u00e3o demorou muito para superar Acosta, Di Giannantonio, M\u00e1rquez e Vi\u00f1ales e se estabelecer na terceira posi\u00e7\u00e3o.<\/p>\n\n\n\n<p>A briga ficou ent\u00e3o entre Vi\u00f1ales M\u00e1rquez e Di Giannantonio pela quarta posi\u00e7\u00e3o. O espanhol da Aprilia estava no controle at\u00e9 as \u00faltimas curvas da \u00faltima volta, quando acabou errando e permitiu a ultrapassagem de M\u00e1rquez. &#8220;Diggia&#8221; tamb\u00e9m quase passou, mas finalizou em sexto. <\/p>\n\n\n\n<p>Acosta vinha em s\u00e9timo, mas acabou caindo na \u00faltima volta. Quem assumiu a sua posi\u00e7\u00e3o foi seu futuro companheiro de equipe, Brad Binder (KTM). Alex M\u00e1rquez (Gresini Ducati), Raul Fernandez (Trackhouse Aprilia) e Franco Morbidelli (Pramac Ducati) completaram os dez primeiros.<\/p>\n\n\n\n<p>Enquanto tudo isso acontecia, Bagnaia j\u00e1 havia cruzado a linha de chegada com confort\u00e1veis 3s6 de vantagem para Martin. Com as vit\u00f3rias dele em 2022 e 2023, essa \u00e9 a primeira vez que um piloto vence tr\u00eas edi\u00e7\u00f5es seguidas em Assen desde os anos 1990 com Mick Doohan.<\/p>\n\n\n\n<p>Bagnaia tamb\u00e9m sai do fim de semana com a pontua\u00e7\u00e3o m\u00e1xima poss\u00edvel, 37 pontos, e agora est\u00e1 a apenas 10 pontos atr\u00e1s de Martin, que tem 200 pontos. Em terceiro com 149 pontos, M\u00e1rquez j\u00e1 sente a aproxima\u00e7\u00e3o de Bastianini, que soma 136. A pr\u00f3xima etapa acontece na Alemanha.<\/p>\n\n\n\n<h4 class=\"wp-block-heading\">GP da Holanda &#8211; Classifica\u00e7\u00e3o Final<\/h4>\n\n\n\n<ol class=\"wp-block-list\">\n<li>Francesco Bagnaia (ITA), Ducati, 26 voltas em 40min07s214<\/li>\n\n\n\n<li>Jorge Martin (ESP), Ducati, +3,676 sec<\/li>\n\n\n\n<li>Enea Bastianini (ITA), Ducati, +7,073<\/li>\n\n\n\n<li>Marc Marquez (ESP), Ducati, +7,868<\/li>\n\n\n\n<li>Fabio Di Giannantonio (ITA), Ducati, +8,299<\/li>\n\n\n\n<li>Maverick Vinales* (ESP), Aprilia, + 8,258<\/li>\n\n\n\n<li>Brad Binder (ZA), KTM, +16,146<\/li>\n\n\n\n<li>Alex Marquez (ESP), Ducati, +21,236<\/li>\n\n\n\n<li>Raul Fernandez (ESP), Aprilia, +22,509<\/li>\n\n\n\n<li>Franco Morbidelli (ITA), Ducati, +23,413<\/li>\n\n\n\n<li>Jack Miller (AUS), KTM, +24,004<\/li>\n\n\n\n<li>Fabio Quartararo (FRA), Yamaha, +24,057<\/li>\n\n\n\n<li>Johan Zarco (FRA), Honda, +42,767<\/li>\n\n\n\n<li>Augusto Fernandez (ESP), KTM, + 42,871<\/li>\n\n\n\n<li>Miguel Oliveira (POR), Aprilia, +44,429<\/li>\n\n\n\n<li>Takaaki Nakagami (JAP), Honda, +46,246<\/li>\n\n\n\n<li>Luca Marini (ITA), Honda, +1:10,937 min<\/li>\n<\/ol>\n\n\n\n<p><em>* punido com uma posi\u00e7\u00e3o<\/em><\/p>\n\n\n\n<h4 class=\"wp-block-heading\">N\u00e3o completaram<\/h4>\n\n\n\n<p>\u2013 Pedro Acosta (ESP), KTM, acidente a 1 volta do final<br \/>\u2013 Joan Mir (ESP), Honda, acidente a 20 voltas do final<br \/>\u2013 Marco Bezzechi (ITA), Ducati, acidente e problemas mec\u00e2nicos a 21 voltas do final<br \/>\u2013 Alex Rins (ESP) Yamaha, acidente a 26 voltas do final<\/p>\n\n\n<p><script async src=\"https:\/\/pagead2.googlesyndication.com\/pagead\/js\/adsbygoogle.js?client=ca-pub-8336138695442191\"\n     crossorigin=\"anonymous\"><\/script><br \/><ins class=\"adsbygoogle\" style=\"display: block;\" data-ad-format=\"fluid\" data-ad-layout-key=\"-6t+ed+2i-1n-4w\" data-ad-client=\"ca-pub-8336138695442191\" data-ad-slot=\"1046824833\"><\/ins><br \/><script><br \/>\n     (adsbygoogle = window.adsbygoogle || []).push({});<br \/>\n<\/script><\/p>","protected":false},"excerpt":{"rendered":"<p>Francesco Bagnaia venceu hoje (30) o GP da Holanda de MotoGP no circuito de Assen. Impec\u00e1vel, o bicampe\u00e3o<\/p>\n","protected":false},"author":2,"featured_media":0,"comment_status":"closed","ping_status":"closed","sticky":false,"template":"","format":"standard","meta":{"footnotes":""},"categories":[7],"tags":[],"class_list":["post-76147","post","type-post","status-publish","format-standard","hentry","category-motogp"],"_links":{"self":[{"href":"https:\/\/noticiasmotociclisticas.com.br\/index.php?rest_route=\/wp\/v2\/posts\/76147","targetHints":{"allow":["GET"]}}],"collection":[{"href":"https:\/\/noticiasmotociclisticas.com.br\/index.php?rest_route=\/wp\/v2\/posts"}],"about":[{"href":"https:\/\/noticiasmotociclisticas.com.br\/index.php?rest_route=\/wp\/v2\/types\/post"}],"author":[{"embeddable":true,"href":"https:\/\/noticiasmotociclisticas.com.br\/index.php?rest_route=\/wp\/v2\/users\/2"}],"replies":[{"embeddable":true,"href":"https:\/\/noticiasmotociclisticas.com.br\/index.php?rest_route=%2Fwp%2Fv2%2Fcomments&post=76147"}],"version-history":[{"count":9,"href":"https:\/\/noticiasmotociclisticas.com.br\/index.php?rest_route=\/wp\/v2\/posts\/76147\/revisions"}],"predecessor-version":[{"id":76159,"href":"https:\/\/noticiasmotociclisticas.com.br\/index.php?rest_route=\/wp\/v2\/posts\/76147\/revisions\/76159"}],"wp:attachment":[{"href":"https:\/\/noticiasmotociclisticas.com.br\/index.php?rest_route=%2Fwp%2Fv2%2Fmedia&parent=76147"}],"wp:term":[{"taxonomy":"category","embeddable":true,"href":"https:\/\/noticiasmotociclisticas.com.br\/index.php?rest_route=%2Fwp%2Fv2%2Fcategories&post=76147"},{"taxonomy":"post_tag","embeddable":true,"href":"https:\/\/noticiasmotociclisticas.com.br\/index.php?rest_route=%2Fwp%2Fv2%2Ftags&post=76147"}],"curies":[{"name":"wp","href":"https:\/\/api.w.org\/{rel}","templated":true}]}}