{"id":76122,"date":"2024-06-28T14:33:36","date_gmt":"2024-06-28T17:33:36","guid":{"rendered":"https:\/\/noticiasmotociclisticas.com.br\/?p=76122"},"modified":"2024-06-28T14:33:40","modified_gmt":"2024-06-28T17:33:40","slug":"pramac-confirma-mudanca-para-a-yamaha-em-2025","status":"publish","type":"post","link":"https:\/\/noticiasmotociclisticas.com.br\/?p=76122","title":{"rendered":"Pramac confirma mudan\u00e7a para a Yamaha em 2025"},"content":{"rendered":"\n<h3 class=\"wp-block-heading has-vivid-red-color has-text-color has-link-color wp-elements-65167e6d6dcc1e56e23e1efd94cfcf01\">Confirmando as expectativas das \u00faltimas semanas, a Yamaha anunciou hoje (28) que vai ter a Pramac Racing como equipe sat\u00e9lite na temporada 2025 de MotoGP. O time de Paolo Campinoti est\u00e1 encerrando uma parceria de 18 anos com a Ducati.<\/h3>\n\n\n\n<figure class=\"wp-block-image aligncenter size-full is-resized\"><a href=\"https:\/\/noticiasmotociclisticas.com.br\/wp-content\/uploads\/2024\/04\/Pramac-Racing-logo-2024.jpg\"><img decoding=\"async\" src=\"https:\/\/noticiasmotociclisticas.com.br\/wp-content\/uploads\/2024\/04\/Pramac-Racing-logo-2024.jpg\" alt=\"\" class=\"wp-image-74562\" style=\"width:650px\"\/><\/a><\/figure>\n\n\n\n<p>O acordo plurianual prev\u00ea uma coopera\u00e7\u00e3o estreita entre as duas partes, que inclui a Yamaha fornecendo motos YZR-M1 com as mesmas especifica\u00e7\u00f5es de f\u00e1brica, pilotos contratados diretamente pela Yamaha e pessoal de engenharia da Yamaha trabalhando em conjunto com o pessoal da Pramac.<\/p>\n\n\n\n<p>Embora seja chamada como &#8220;segunda equipe de f\u00e1brica&#8221;, a Pramac Yamaha permanecer\u00e1 de propriedade independente e manter\u00e1 sua base em Rugby, no Reino Unido. A escala\u00e7\u00e3o de pilotos da equipe para 2025 ser\u00e1 anunciada oportunamente.<\/p>\n\n<script async src=\"https:\/\/pagead2.googlesyndication.com\/pagead\/js\/adsbygoogle.js?client=ca-pub-8336138695442191\"\n     crossorigin=\"anonymous\"><\/script>\n<ins class=\"adsbygoogle\"\n     style=\"display:block; text-align:center;\"\n     data-ad-layout=\"in-article\"\n     data-ad-format=\"fluid\"\n     data-ad-client=\"ca-pub-8336138695442191\"\n     data-ad-slot=\"3523231789\"><\/ins>\n<script>\n     (adsbygoogle = window.adsbygoogle || []).push({});\n<\/script>\n\n<p>Fundada em 2002, a Pramac surgiu no campeonato mundial atrav\u00e9s de uma parceria com o ex-piloto espanhol Luis D\u2019Antin. Inicialmente competindo com motos Honda, a equipe migrou para o maquin\u00e1rio Ducati em 2007 conseguindo o primeiro p\u00f3dio com Alex Barros no GP da It\u00e1lia daquele ano.<\/p>\n\n\n\n<p>A parceria s\u00f3 foi se estreitando desde ent\u00e3o at\u00e9 come\u00e7ar a fornecer pilotos para a equipe de f\u00e1brica da Ducati. Foi assim com Danilo Petrucci, com Jack Miller e com Pecco Bagnaia. Eles esperavam que o mesmo acontecesse com Jorge Martin.<\/p>\n\n\n\n<p>Ningu\u00e9m sabe exatamente o que aconteceu, mas o que fala \u00e9 que a Pramac n\u00e3o digeriu muito bem a negativa da Ducati em levar Martin para a equipe de f\u00e1brica, muito menos a de Marc M\u00e1rquez. Al\u00e9m disso, a Yamaha teria dado garantias e oportunidades praticamente irrecus\u00e1veis.<\/p>\n\n\n\n<p>Para a Yamaha, o acordo destaca suas inten\u00e7\u00f5es de regressar \u00e0s vit\u00f3rias num futuro pr\u00f3ximo. A marca dos diapas\u00f5es volta a ter quatro motos no grid, o que n\u00e3o acontecia desde 2022, com a RNF-Racing. Coincidentemente, esse tamb\u00e9m \u00e9 o ano de suas \u00faltimas vit\u00f3rias na MotoGP.<\/p>\n\n<script async src=\"https:\/\/pagead2.googlesyndication.com\/pagead\/js\/adsbygoogle.js?client=ca-pub-8336138695442191\"\n     crossorigin=\"anonymous\"><\/script>\n<ins class=\"adsbygoogle\"\n     style=\"display:block\"\n     data-ad-format=\"fluid\"\n     data-ad-layout-key=\"-6t+ed+2i-1n-4w\"\n     data-ad-client=\"ca-pub-8336138695442191\"\n     data-ad-slot=\"1046824833\"><\/ins>\n<script>\n     (adsbygoogle = window.adsbygoogle || []).push({});\n<\/script>","protected":false},"excerpt":{"rendered":"<p>Confirmando as expectativas das \u00faltimas semanas, a Yamaha anunciou hoje (28) que vai ter a Pramac Racing como<\/p>\n","protected":false},"author":2,"featured_media":0,"comment_status":"closed","ping_status":"closed","sticky":false,"template":"","format":"standard","meta":{"footnotes":""},"categories":[7],"tags":[],"class_list":["post-76122","post","type-post","status-publish","format-standard","hentry","category-motogp"],"_links":{"self":[{"href":"https:\/\/noticiasmotociclisticas.com.br\/index.php?rest_route=\/wp\/v2\/posts\/76122","targetHints":{"allow":["GET"]}}],"collection":[{"href":"https:\/\/noticiasmotociclisticas.com.br\/index.php?rest_route=\/wp\/v2\/posts"}],"about":[{"href":"https:\/\/noticiasmotociclisticas.com.br\/index.php?rest_route=\/wp\/v2\/types\/post"}],"author":[{"embeddable":true,"href":"https:\/\/noticiasmotociclisticas.com.br\/index.php?rest_route=\/wp\/v2\/users\/2"}],"replies":[{"embeddable":true,"href":"https:\/\/noticiasmotociclisticas.com.br\/index.php?rest_route=%2Fwp%2Fv2%2Fcomments&post=76122"}],"version-history":[{"count":2,"href":"https:\/\/noticiasmotociclisticas.com.br\/index.php?rest_route=\/wp\/v2\/posts\/76122\/revisions"}],"predecessor-version":[{"id":76124,"href":"https:\/\/noticiasmotociclisticas.com.br\/index.php?rest_route=\/wp\/v2\/posts\/76122\/revisions\/76124"}],"wp:attachment":[{"href":"https:\/\/noticiasmotociclisticas.com.br\/index.php?rest_route=%2Fwp%2Fv2%2Fmedia&parent=76122"}],"wp:term":[{"taxonomy":"category","embeddable":true,"href":"https:\/\/noticiasmotociclisticas.com.br\/index.php?rest_route=%2Fwp%2Fv2%2Fcategories&post=76122"},{"taxonomy":"post_tag","embeddable":true,"href":"https:\/\/noticiasmotociclisticas.com.br\/index.php?rest_route=%2Fwp%2Fv2%2Ftags&post=76122"}],"curies":[{"name":"wp","href":"https:\/\/api.w.org\/{rel}","templated":true}]}}