{"id":76089,"date":"2024-06-26T16:44:35","date_gmt":"2024-06-26T19:44:35","guid":{"rendered":"https:\/\/noticiasmotociclisticas.com.br\/?p=76089"},"modified":"2024-06-26T16:47:30","modified_gmt":"2024-06-26T19:47:30","slug":"bajaj-auto-inaugura-fabrica-no-brasil-a-sua-primeira-fora-da-india","status":"publish","type":"post","link":"https:\/\/noticiasmotociclisticas.com.br\/?p=76089","title":{"rendered":"Bajaj Auto inaugura f\u00e1brica no Brasil, a sua primeira fora da \u00cdndia"},"content":{"rendered":"\n<h3 class=\"wp-block-heading has-vivid-red-color has-text-color has-link-color wp-elements-4357e6e929a914f2abae3b7ab0522e43\">A Bajaj Auto inaugurou, na \u00faltima ter\u00e7a-feira (25) uma f\u00e1brica dentro do Polo Industrial de Manaus (AM). O complexo, capaz de produzir at\u00e9 1.500 motocicletas por m\u00eas, \u00e9 o primeiro da empresa fora da \u00cdndia.<\/h3>\n\n\n\n<figure class=\"wp-block-image aligncenter size-full is-resized\"><a href=\"https:\/\/noticiasmotociclisticas.com.br\/wp-content\/uploads\/2024\/06\/Fabrica-da-Bajaj-Auto-em-Manaus-JUN24-2.jpeg\"><img decoding=\"async\" src=\"https:\/\/noticiasmotociclisticas.com.br\/wp-content\/uploads\/2024\/06\/Fabrica-da-Bajaj-Auto-em-Manaus-JUN24-2.jpeg\" alt=\"\" class=\"wp-image-76090\" style=\"width:650px\"\/><\/a><\/figure>\n\n\n\n<p>Uma das l\u00edderes de vendas no imenso mercado indiano, a Bajaj tem presen\u00e7a no Brasil desde dezembro de 2022 e desde ent\u00e3o montava os modelos Dominar 160, Dominar 200 e Dominar 400, na f\u00e1brica da Dafra, atrav\u00e9s de uma parceria, a poucos metros dali.<\/p>\n\n\n\n<p>E foi uma Dominar 400 a primeira a ser montada no pa\u00eds, em 6 de junho. Os modelos s\u00e3o trazidos da \u00cdndia e montados no regime CKD por cerca de 150 funcion\u00e1rios. A expectativa \u00e9 produzir 1,5 mil unidades por m\u00eas e triplicar os volumes de vendas da atualidade.<\/p>\n\n\n<p><script async src=\"https:\/\/pagead2.googlesyndication.com\/pagead\/js\/adsbygoogle.js?client=ca-pub-8336138695442191\"\n     crossorigin=\"anonymous\"><\/script><br \/>\n<ins class=\"adsbygoogle\"\n     style=\"display:block; text-align:center;\"\n     data-ad-layout=\"in-article\"\n     data-ad-format=\"fluid\"\n     data-ad-client=\"ca-pub-8336138695442191\"\n     data-ad-slot=\"3523231789\"><\/ins><br \/>\n<script><br \/>\n     (adsbygoogle = window.adsbygoogle || []).push({});<br \/>\n<\/script><\/p>\n\n\n<p><em>\u201cCome\u00e7amos a nossa opera\u00e7\u00e3o em dezembro de 2022 e hoje, apenas dezoito meses depois, j\u00e1 temos 21 concession\u00e1rias, comercializamos mais de 7,5 mil motocicletas e estamos inaugurando a nossa f\u00e1brica, \u00e9 uma realiza\u00e7\u00e3o enorme e um grande indicativo de que estamos no caminho certo\u201d<\/em>, disse o diretor geral da Bajaj, Waldyr Ferreira.<\/p>\n\n\n\n<p><em>\u201cCom a nossa f\u00e1brica em opera\u00e7\u00e3o e a rede em ritmo acelerado de expans\u00e3o, direcionaremos nosso foco para a expans\u00e3o da linha de produtos Bajaj dispon\u00edveis no Brasil, buscando atender os diferentes perfis e tipos de uso da motocicleta pelos motociclistas brasileiros de todas as regi\u00f5es&#8221;<\/em>, completou Ferreira.<\/p>\n\n\n\n<figure class=\"wp-block-image aligncenter size-full is-resized\"><a href=\"https:\/\/noticiasmotociclisticas.com.br\/wp-content\/uploads\/2024\/06\/Fabrica-da-Bajaj-Auto-em-Manaus-JUN24-1.jpg\"><img loading=\"lazy\" decoding=\"async\" width=\"782\" height=\"456\" src=\"https:\/\/noticiasmotociclisticas.com.br\/wp-content\/uploads\/2024\/06\/Fabrica-da-Bajaj-Auto-em-Manaus-JUN24-1.jpg\" alt=\"\" class=\"wp-image-76091\" style=\"width:650px\" srcset=\"https:\/\/noticiasmotociclisticas.com.br\/wp-content\/uploads\/2024\/06\/Fabrica-da-Bajaj-Auto-em-Manaus-JUN24-1.jpg 782w, https:\/\/noticiasmotociclisticas.com.br\/wp-content\/uploads\/2024\/06\/Fabrica-da-Bajaj-Auto-em-Manaus-JUN24-1-300x175.jpg 300w, https:\/\/noticiasmotociclisticas.com.br\/wp-content\/uploads\/2024\/06\/Fabrica-da-Bajaj-Auto-em-Manaus-JUN24-1-768x448.jpg 768w\" sizes=\"auto, (max-width: 782px) 100vw, 782px\" \/><\/a><\/figure>\n\n\n\n<p>A inaugura\u00e7\u00e3o da f\u00e1brica contou com a presen\u00e7a do CEO da Bajaj Auto Limited, o indiano Rakesh Sharma, al\u00e9m do governador do Estado do Amazonas, Wilson Lima, e do diretor executivo da ABRACICLO, S\u00e9rgio Oliveira, da qual a Bajaj passou a integrar.<\/p>\n\n\n\n<p><em>\u201cA inaugura\u00e7\u00e3o desta f\u00e1brica \u00e9 uma grande alegria para todos da Bajaj Auto Limited e representa a concretiza\u00e7\u00e3o da nossa estrat\u00e9gia, que sempre esteve baseada em uma vis\u00e3o de longo prazo para o mercado brasileiro devido ao seu tamanho e complexidade&#8221;<\/em>, disse Sharma. <em>&#8220;Os times do Brasil e da \u00cdndia t\u00eam trabalhado em total sinergia para entendermos o consumidor local e desenvolvermos produtos que atendam cada vez melhor \u00e0s suas demandas.&#8221;<\/em><\/p>\n\n\n\n<p>A meta da Bajaj \u00e9 encerrar 2024 com cerca de 12 mil motos produzidas, somando-se aquelas montadas na f\u00e1brica da Dafra. Em 2025, quando a capacidade de opera\u00e7\u00e3o chegar a 100%, o objetivo \u00e9 atingir 20 mil unidades produzidas anualmente. Mais funcion\u00e1rios tamb\u00e9m devem ser contratados.<\/p>\n\n\n<p><script async src=\"https:\/\/pagead2.googlesyndication.com\/pagead\/js\/adsbygoogle.js?client=ca-pub-8336138695442191\"\n     crossorigin=\"anonymous\"><\/script><br \/>\n<ins class=\"adsbygoogle\"\n     style=\"display:block\"\n     data-ad-format=\"fluid\"\n     data-ad-layout-key=\"-6t+ed+2i-1n-4w\"\n     data-ad-client=\"ca-pub-8336138695442191\"\n     data-ad-slot=\"1046824833\"><\/ins><br \/>\n<script><br \/>\n     (adsbygoogle = window.adsbygoogle || []).push({});<br \/>\n<\/script><\/p>","protected":false},"excerpt":{"rendered":"<p>A Bajaj Auto inaugurou, na \u00faltima ter\u00e7a-feira (25) uma f\u00e1brica dentro do Polo Industrial de Manaus (AM). O<\/p>\n","protected":false},"author":2,"featured_media":76091,"comment_status":"closed","ping_status":"closed","sticky":false,"template":"","format":"standard","meta":{"footnotes":""},"categories":[12],"tags":[67],"class_list":["post-76089","post","type-post","status-publish","format-standard","has-post-thumbnail","hentry","category-noticias","tag-slider-2"],"_links":{"self":[{"href":"https:\/\/noticiasmotociclisticas.com.br\/index.php?rest_route=\/wp\/v2\/posts\/76089","targetHints":{"allow":["GET"]}}],"collection":[{"href":"https:\/\/noticiasmotociclisticas.com.br\/index.php?rest_route=\/wp\/v2\/posts"}],"about":[{"href":"https:\/\/noticiasmotociclisticas.com.br\/index.php?rest_route=\/wp\/v2\/types\/post"}],"author":[{"embeddable":true,"href":"https:\/\/noticiasmotociclisticas.com.br\/index.php?rest_route=\/wp\/v2\/users\/2"}],"replies":[{"embeddable":true,"href":"https:\/\/noticiasmotociclisticas.com.br\/index.php?rest_route=%2Fwp%2Fv2%2Fcomments&post=76089"}],"version-history":[{"count":1,"href":"https:\/\/noticiasmotociclisticas.com.br\/index.php?rest_route=\/wp\/v2\/posts\/76089\/revisions"}],"predecessor-version":[{"id":76092,"href":"https:\/\/noticiasmotociclisticas.com.br\/index.php?rest_route=\/wp\/v2\/posts\/76089\/revisions\/76092"}],"wp:featuredmedia":[{"embeddable":true,"href":"https:\/\/noticiasmotociclisticas.com.br\/index.php?rest_route=\/wp\/v2\/media\/76091"}],"wp:attachment":[{"href":"https:\/\/noticiasmotociclisticas.com.br\/index.php?rest_route=%2Fwp%2Fv2%2Fmedia&parent=76089"}],"wp:term":[{"taxonomy":"category","embeddable":true,"href":"https:\/\/noticiasmotociclisticas.com.br\/index.php?rest_route=%2Fwp%2Fv2%2Fcategories&post=76089"},{"taxonomy":"post_tag","embeddable":true,"href":"https:\/\/noticiasmotociclisticas.com.br\/index.php?rest_route=%2Fwp%2Fv2%2Ftags&post=76089"}],"curies":[{"name":"wp","href":"https:\/\/api.w.org\/{rel}","templated":true}]}}