{"id":73746,"date":"2024-03-19T15:36:22","date_gmt":"2024-03-19T18:36:22","guid":{"rendered":"https:\/\/noticiasmotociclisticas.com.br\/?p=73746"},"modified":"2024-03-19T15:40:46","modified_gmt":"2024-03-19T18:40:46","slug":"podcast-a-motogp-ainda-procura-um-novo-rossi","status":"publish","type":"post","link":"https:\/\/noticiasmotociclisticas.com.br\/?p=73746","title":{"rendered":"Podcast: a MotoGP ainda procura um novo Rossi?"},"content":{"rendered":"\n<h3 class=\"wp-block-heading has-vivid-red-color has-text-color has-link-color wp-elements-6a220d8aea95cce99d9e835cab816c12\">O editor chefe do Not\u00edcias Motocicl\u00edsticas, Lucas Carioli participou de um podcast no canal do GPtotal no YouTube, onde eles comentam a situa\u00e7\u00e3o atual da MotoGP, que ainda busca um piloto com o mesmo carisma do aposentado Valentino Rossi. <\/h3>\n\n\n<p><iframe loading=\"lazy\" width=\"650\" height=\"517\" src=\"https:\/\/www.youtube.com\/embed\/Tyyi_CTJ2Bs?si=wOvprDzhxpBUWpBf\" title=\"YouTube video player\" frameborder=\"0\" allow=\"accelerometer; autoplay; clipboard-write; encrypted-media; gyroscope; picture-in-picture; web-share\" allowfullscreen><\/iframe><\/p>\n\n\n<p>O epis\u00f3dio tem no total 1h15 min, mas nesse corte aqui \u00e9 destacada a falta que Rossi faz desde que se aposentou m 2021 e a busca que a Dorna faz para compensar isso com um show mais atrativo aos f\u00e3s, como as Sprint Races introduzidas no ano passado. Assista l\u00e1 e comente nas nossas redes sociais!<\/p>\n","protected":false},"excerpt":{"rendered":"<p>O editor chefe do Not\u00edcias Motocicl\u00edsticas, Lucas Carioli participou de um podcast no canal do GPtotal no YouTube,<\/p>\n","protected":false},"author":2,"featured_media":0,"comment_status":"closed","ping_status":"open","sticky":false,"template":"","format":"standard","meta":{"footnotes":""},"categories":[1428],"tags":[14,13,1161],"class_list":["post-73746","post","type-post","status-publish","format-standard","hentry","category-vid","tag-motogp-2","tag-valentino-rossi","tag-videos"],"_links":{"self":[{"href":"https:\/\/noticiasmotociclisticas.com.br\/index.php?rest_route=\/wp\/v2\/posts\/73746","targetHints":{"allow":["GET"]}}],"collection":[{"href":"https:\/\/noticiasmotociclisticas.com.br\/index.php?rest_route=\/wp\/v2\/posts"}],"about":[{"href":"https:\/\/noticiasmotociclisticas.com.br\/index.php?rest_route=\/wp\/v2\/types\/post"}],"author":[{"embeddable":true,"href":"https:\/\/noticiasmotociclisticas.com.br\/index.php?rest_route=\/wp\/v2\/users\/2"}],"replies":[{"embeddable":true,"href":"https:\/\/noticiasmotociclisticas.com.br\/index.php?rest_route=%2Fwp%2Fv2%2Fcomments&post=73746"}],"version-history":[{"count":2,"href":"https:\/\/noticiasmotociclisticas.com.br\/index.php?rest_route=\/wp\/v2\/posts\/73746\/revisions"}],"predecessor-version":[{"id":73749,"href":"https:\/\/noticiasmotociclisticas.com.br\/index.php?rest_route=\/wp\/v2\/posts\/73746\/revisions\/73749"}],"wp:attachment":[{"href":"https:\/\/noticiasmotociclisticas.com.br\/index.php?rest_route=%2Fwp%2Fv2%2Fmedia&parent=73746"}],"wp:term":[{"taxonomy":"category","embeddable":true,"href":"https:\/\/noticiasmotociclisticas.com.br\/index.php?rest_route=%2Fwp%2Fv2%2Fcategories&post=73746"},{"taxonomy":"post_tag","embeddable":true,"href":"https:\/\/noticiasmotociclisticas.com.br\/index.php?rest_route=%2Fwp%2Fv2%2Ftags&post=73746"}],"curies":[{"name":"wp","href":"https:\/\/api.w.org\/{rel}","templated":true}]}}