{"id":59154,"date":"2021-09-10T10:46:26","date_gmt":"2021-09-10T13:46:26","guid":{"rendered":"https:\/\/www.noticiasmotociclisticas.com\/?p=59154"},"modified":"2021-09-13T09:19:33","modified_gmt":"2021-09-13T12:19:33","slug":"hornet-pode-voltar-com-novo-motor-bicilindrico-de-750cc","status":"publish","type":"post","link":"https:\/\/noticiasmotociclisticas.com.br\/?p=59154","title":{"rendered":"Hornet pode voltar com 750cc em breve"},"content":{"rendered":"<p><script async=\"\" src=\"\/\/pagead2.googlesyndication.com\/pagead\/js\/adsbygoogle.js\"><\/script><br \/>\n<!-- Bloco de an\u00fancio 1 --><br \/>\n<ins class=\"adsbygoogle\" style=\"display:block\" data-ad-client=\"ca-pub-8336138695442191\" data-ad-slot=\"8337706066\" data-ad-format=\"auto\"><\/ins><br \/>\n<script><br \/>\n(adsbygoogle = window.adsbygoogle || []).push({});<br \/>\n<\/script><\/p>\n\n\n<h3 class=\"has-vivid-red-color has-text-color wp-block-heading\">N\u00e3o \u00e9 apenas o nome Transalp que pode voltar em breve. A Honda tamb\u00e9m renovou o registro da alcunha &#8220;Hornet&#8221; em diversos pa\u00edses, sugerindo que as duas motos devem compartilhar o mesmo motor, um novo bicil\u00edndrico em linha de 750cc.<\/h3>\n\n\n\n<div class=\"wp-block-image\"><figure class=\"aligncenter size-large is-resized\"><a href=\"https:\/\/www.noticiasmotociclisticas.com\/wp-content\/uploads\/2021\/09\/Honda-CB600F-Hornet-logo.jpg\"><img decoding=\"async\" src=\"https:\/\/www.noticiasmotociclisticas.com\/wp-content\/uploads\/2021\/09\/Honda-CB600F-Hornet-logo-1024x634.jpg\" alt=\"\" class=\"wp-image-59165\" width=\"650\"\/><\/a><\/figure><\/div>\n\n\n\n<p>A marca japonesa registrou novas aplica\u00e7\u00f5es para uso do nome &#8216;Hornet&#8217; em motocicletas no Jap\u00e3o, Cingapura, Nova Zel\u00e2ndia, Brasil, Coreia do Sul, R\u00fassia e Tail\u00e2ndia. Anexado a ele tamb\u00e9m est\u00e1 uma nova sigla, &#8216;CB750S&#8217;, que d\u00e1 pistas sobre como deve ser a nova encarna\u00e7\u00e3o do modelo fabricado entre 1998 e 2013.<\/p>\n\n\n\n<p>Assim como a <a href=\"https:\/\/www.noticiasmotociclisticas.com\/nova-transalp-deve-ter-motor-inedito-de-755cc\/\">Transalp<\/a>, a nova Hornet deve conter um motor de dois cilindros em linha e 755 cm\u00b3 totalmente novo, supostamente com um desempenho superior ao que equipa a NC750X. Como tal, h\u00e1 uma chance de o propulsor compartilhar componentes com o recente engenho de 1.184 cm\u00b3 da Africa Twin.<\/p>\n\n\n<p><script async=\"\" src=\"\/\/pagead2.googlesyndication.com\/pagead\/js\/adsbygoogle.js\"><\/script><br \/>\n<ins class=\"adsbygoogle\" style=\"display:block; text-align:center;\" data-ad-layout=\"in-article\" data-ad-format=\"fluid\" data-ad-client=\"ca-pub-8336138695442191\" data-ad-slot=\"1728792253\"><\/ins><br \/>\n<script><br \/>\n     (adsbygoogle = window.adsbygoogle || []).push({});<br \/>\n<\/script><\/p>\n\n\n<p>Voc\u00ea pode estar se perguntado: por que n\u00e3o h\u00e1 registros nos EUA, Reino Unido e Europa? Na Am\u00e9rica do Norte, o nome &#8216;Hornet&#8217; nunca foi utilizado, porque pertence \u00e0 outra a empresa, a AMC, que fabricava um autom\u00f3vel com essa nomenclatura. No velho continente, a Honda ainda det\u00e9m os direitos v\u00e1lidos, inclusive em outras regi\u00f5es.<\/p>\n\n\n\n<p>Apesar dessa limita\u00e7\u00e3o no mercado norte-americano, somente a sigla &#8216;CB750&#8217; \u00e9 capaz de ser muito evocativa, remetendo <a href=\"https:\/\/www.noticiasmotociclisticas.com\/honda-cb-750-completa-50-anos-relembre-a-historia-da-1o-superbike\/\">ao cl\u00e1ssico modelo de quatro cilindros em linha lan\u00e7ado em 1969<\/a>. Na hist\u00f3ria da Honda, a letra S costuma significar a inclus\u00e3o de uma semi carenagem, de modo que a moto pode n\u00e3o ser puramente <em>naked<\/em>. <\/p>\n\n\n\n<p>Resta saber se as novas Hornet e Transalp est\u00e3o prontas para estar nas concession\u00e1rias em 2022. A Honda costuma ser muito discreta com isso. Registros de patente s\u00e3o as fontes mais confi\u00e1veis e, na mesma \u00e9poca, foi efetuado os direitos da sigla <a href=\"https:\/\/www.noticiasmotociclisticas.com\/honda-registra-sigla-nt1100-indicando-que-mais-uma-derivada-da-africa-twin-vem-ai\/\">NT1100<\/a>. Isso pode indicar que os modelos est\u00e3o em um cronograma de lan\u00e7amento semelhante.<\/p>\n\n\n<p><script async=\"\" src=\"\/\/pagead2.googlesyndication.com\/pagead\/js\/adsbygoogle.js\"><\/script><br \/>\n<!-- Bloco de an\u00fancio 1 --><br \/>\n<ins class=\"adsbygoogle\" style=\"display:block\" data-ad-client=\"ca-pub-8336138695442191\" data-ad-slot=\"8337706066\" data-ad-format=\"auto\"><\/ins><br \/>\n<script><br \/>\n(adsbygoogle = window.adsbygoogle || []).push({});<br \/>\n<\/script><\/p>","protected":false},"excerpt":{"rendered":"<p>N\u00e3o \u00e9 apenas o nome Transalp que pode voltar em breve. A Honda tamb\u00e9m renovou o registro da<\/p>\n","protected":false},"author":2,"featured_media":0,"comment_status":"closed","ping_status":"open","sticky":false,"template":"","format":"standard","meta":{"footnotes":""},"categories":[4],"tags":[2894,3651,41,3650,580,67],"class_list":["post-59154","post","type-post","status-publish","format-standard","hentry","category-segredos","tag-cb750f","tag-cb750s","tag-honda","tag-hornet","tag-segredos","tag-slider-2"],"_links":{"self":[{"href":"https:\/\/noticiasmotociclisticas.com.br\/index.php?rest_route=\/wp\/v2\/posts\/59154","targetHints":{"allow":["GET"]}}],"collection":[{"href":"https:\/\/noticiasmotociclisticas.com.br\/index.php?rest_route=\/wp\/v2\/posts"}],"about":[{"href":"https:\/\/noticiasmotociclisticas.com.br\/index.php?rest_route=\/wp\/v2\/types\/post"}],"author":[{"embeddable":true,"href":"https:\/\/noticiasmotociclisticas.com.br\/index.php?rest_route=\/wp\/v2\/users\/2"}],"replies":[{"embeddable":true,"href":"https:\/\/noticiasmotociclisticas.com.br\/index.php?rest_route=%2Fwp%2Fv2%2Fcomments&post=59154"}],"version-history":[{"count":3,"href":"https:\/\/noticiasmotociclisticas.com.br\/index.php?rest_route=\/wp\/v2\/posts\/59154\/revisions"}],"predecessor-version":[{"id":59189,"href":"https:\/\/noticiasmotociclisticas.com.br\/index.php?rest_route=\/wp\/v2\/posts\/59154\/revisions\/59189"}],"wp:attachment":[{"href":"https:\/\/noticiasmotociclisticas.com.br\/index.php?rest_route=%2Fwp%2Fv2%2Fmedia&parent=59154"}],"wp:term":[{"taxonomy":"category","embeddable":true,"href":"https:\/\/noticiasmotociclisticas.com.br\/index.php?rest_route=%2Fwp%2Fv2%2Fcategories&post=59154"},{"taxonomy":"post_tag","embeddable":true,"href":"https:\/\/noticiasmotociclisticas.com.br\/index.php?rest_route=%2Fwp%2Fv2%2Ftags&post=59154"}],"curies":[{"name":"wp","href":"https:\/\/api.w.org\/{rel}","templated":true}]}}