{"id":50980,"date":"2020-10-01T09:43:54","date_gmt":"2020-10-01T12:43:54","guid":{"rendered":"https:\/\/www.noticiasmotociclisticas.com\/?p=50980"},"modified":"2020-10-01T10:13:43","modified_gmt":"2020-10-01T13:13:43","slug":"honda-cb650f-ganha-atualizacoes-na-europa-em-2021","status":"publish","type":"post","link":"https:\/\/noticiasmotociclisticas.com.br\/?p=50980","title":{"rendered":"Honda CB650F e CBR650R ganham atualiza\u00e7\u00f5es na Europa em 2021"},"content":{"rendered":"<p><script async src=\"\/\/pagead2.googlesyndication.com\/pagead\/js\/adsbygoogle.js\"><\/script><br \/>\n<ins class=\"adsbygoogle\" style=\"display: block;\" data-ad-client=\"ca-pub-8336138695442191\" data-ad-slot=\"8337706066\" data-ad-format=\"auto\"><\/ins><script>\n(adsbygoogle = window.adsbygoogle || []).push({});\n<\/script><\/p>\n<h4 style=\"text-align: justify;\"><span style=\"color: #ff0000;\">A Honda anunciou hoje (1\u00ba) novidades na linha CB650 2021 na Europa. As m\u00e9dias tetracil\u00edndricas ganharam mudan\u00e7as significativas no motor, suspens\u00e3o e usabilidade.<\/span><\/h4>\n<p><a href=\"https:\/\/www.noticiasmotociclisticas.com\/wp-content\/uploads\/2020\/10\/Honda-CB650F-2021-1.jpg\"><img loading=\"lazy\" decoding=\"async\" class=\"aligncenter wp-image-50981\" src=\"https:\/\/www.noticiasmotociclisticas.com\/wp-content\/uploads\/2020\/10\/Honda-CB650F-2021-1.jpg\" alt=\"\" width=\"620\" height=\"464\" \/><\/a><\/p>\n<p style=\"text-align: justify;\">Para enquadrar as motocicletas \u00e0s normas de emiss\u00f5es do Euro5, que passam a valer definitivamente em 1\u00ba de janeiro, a Honda revisou o formato do virabrequim (com sincronismo de admiss\u00e3o alterado) e mudou os par\u00e2metros da centralina eletr\u00f4nica.<\/p>\n<p style=\"text-align: justify;\">Tamb\u00e9m foram realizadas mudan\u00e7as no escapamento e no conversor catal\u00edtico, o que fez o peso geral aumentar cerca de 500g. Apesar disso, a marca afirma que manteve a pot\u00eancia de pico, ou seja, 95 cv e 6,52 kgf.m de torque.<\/p>\n<p><script async src=\"\/\/pagead2.googlesyndication.com\/pagead\/js\/adsbygoogle.js\"><\/script><br \/>\n<ins class=\"adsbygoogle\" style=\"display: block; text-align: center;\" data-ad-layout=\"in-article\" data-ad-format=\"fluid\" data-ad-client=\"ca-pub-8336138695442191\" data-ad-slot=\"1728792253\"><\/ins><script>\n     (adsbygoogle = window.adsbygoogle || []).push({});\n<\/script><\/p>\n<p><a href=\"https:\/\/www.noticiasmotociclisticas.com\/wp-content\/uploads\/2020\/10\/Honda-CB650F-2021-2.jpg\"><img loading=\"lazy\" decoding=\"async\" class=\"aligncenter wp-image-50982\" src=\"https:\/\/www.noticiasmotociclisticas.com\/wp-content\/uploads\/2020\/10\/Honda-CB650F-2021-2.jpg\" alt=\"\" width=\"620\" height=\"464\" \/><\/a><\/p>\n<p style=\"text-align: justify;\">Mudan\u00e7as mais significativas foram feitas na suspens\u00e3o, com a ado\u00e7\u00e3o de novos garfos invertidos Showa BPF, de fun\u00e7\u00f5es separadas para cada bengala. A marca garante que elas oferecem uma melhoria significativa na sensa\u00e7\u00e3o comparada com o modelo atual.<\/p>\n<p style=\"text-align: justify;\">O suporte de placa agora \u00e9 de a\u00e7o (em vez de pl\u00e1stico) e os pain\u00e9is de carenagem superior e inferior da CBR650R foram alterados para combinar \u201cmusculatura com linhas e \u00e2ngulos estreitos\u201d, embora seja bem dif\u00edcil notar as diferen\u00e7as.<\/p>\n<p style=\"text-align: justify;\">A motocicleta tamb\u00e9m ganhou uma nova entrada USB sob o assento, para recargas mais pr\u00e1ticas, painel com novo \u00e2ngulo e fonte maior (para tornar a leitura mais agrad\u00e1vel) e uma posi\u00e7\u00e3o de guid\u00e3o ligeiramente alterada na CB650F, o que melhorou o manuseio em baixa velocidade.<\/p>\n<p style=\"text-align: justify;\">Pre\u00e7o e disponibilidade n\u00e3o foram anunciados, mas \u00e9 prov\u00e1vel que os dois modelos estejam dispon\u00edveis nas concession\u00e1rias europeias at\u00e9 o final do ano. No Brasil, sua chegada deve acontecer no segundo semestre de 2021.<\/p>\n\n<p><script async src=\"\/\/pagead2.googlesyndication.com\/pagead\/js\/adsbygoogle.js\"><\/script><br \/>\n<ins class=\"adsbygoogle\" style=\"display: block;\" data-ad-client=\"ca-pub-8336138695442191\" data-ad-slot=\"8337706066\" data-ad-format=\"auto\"><\/ins><script>\n(adsbygoogle = window.adsbygoogle || []).push({});\n<\/script><\/p>\n","protected":false},"excerpt":{"rendered":"<p>A Honda anunciou hoje (1\u00ba) novidades na linha CB650 2021 na Europa. As m\u00e9dias tetracil\u00edndricas ganharam mudan\u00e7as significativas<\/p>\n","protected":false},"author":2,"featured_media":0,"comment_status":"closed","ping_status":"closed","sticky":false,"template":"","format":"standard","meta":{"footnotes":""},"categories":[12],"tags":[718,2822,41,878],"class_list":["post-50980","post","type-post","status-publish","format-standard","hentry","category-noticias","tag-cb650f","tag-cbr650r","tag-honda","tag-noticias"],"_links":{"self":[{"href":"https:\/\/noticiasmotociclisticas.com.br\/index.php?rest_route=\/wp\/v2\/posts\/50980","targetHints":{"allow":["GET"]}}],"collection":[{"href":"https:\/\/noticiasmotociclisticas.com.br\/index.php?rest_route=\/wp\/v2\/posts"}],"about":[{"href":"https:\/\/noticiasmotociclisticas.com.br\/index.php?rest_route=\/wp\/v2\/types\/post"}],"author":[{"embeddable":true,"href":"https:\/\/noticiasmotociclisticas.com.br\/index.php?rest_route=\/wp\/v2\/users\/2"}],"replies":[{"embeddable":true,"href":"https:\/\/noticiasmotociclisticas.com.br\/index.php?rest_route=%2Fwp%2Fv2%2Fcomments&post=50980"}],"version-history":[{"count":4,"href":"https:\/\/noticiasmotociclisticas.com.br\/index.php?rest_route=\/wp\/v2\/posts\/50980\/revisions"}],"predecessor-version":[{"id":50990,"href":"https:\/\/noticiasmotociclisticas.com.br\/index.php?rest_route=\/wp\/v2\/posts\/50980\/revisions\/50990"}],"wp:attachment":[{"href":"https:\/\/noticiasmotociclisticas.com.br\/index.php?rest_route=%2Fwp%2Fv2%2Fmedia&parent=50980"}],"wp:term":[{"taxonomy":"category","embeddable":true,"href":"https:\/\/noticiasmotociclisticas.com.br\/index.php?rest_route=%2Fwp%2Fv2%2Fcategories&post=50980"},{"taxonomy":"post_tag","embeddable":true,"href":"https:\/\/noticiasmotociclisticas.com.br\/index.php?rest_route=%2Fwp%2Fv2%2Ftags&post=50980"}],"curies":[{"name":"wp","href":"https:\/\/api.w.org\/{rel}","templated":true}]}}