{"id":31623,"date":"2018-04-17T09:38:29","date_gmt":"2018-04-17T12:38:29","guid":{"rendered":"https:\/\/www.noticiasmotociclisticas.com\/?p=31623"},"modified":"2018-04-20T09:05:37","modified_gmt":"2018-04-20T12:05:37","slug":"bmw-rider-experience-chega-completamente-renovado-para-a-temporada-2018","status":"publish","type":"post","link":"https:\/\/noticiasmotociclisticas.com.br\/?p=31623","title":{"rendered":"BMW Rider Experience chega completamente renovado para a temporada 2018"},"content":{"rendered":"<p><script async src=\"\/\/pagead2.googlesyndication.com\/pagead\/js\/adsbygoogle.js\"><\/script><br \/>\n<ins class=\"adsbygoogle\" style=\"display: block;\" data-ad-client=\"ca-pub-8336138695442191\" data-ad-slot=\"8337706066\" data-ad-format=\"auto\"><\/ins><script>\n(adsbygoogle = window.adsbygoogle || []).push({});\n<\/script><\/p>\n<h4 style=\"text-align: justify;\"><span style=\"color: #ff0000;\">O BMW Rider Experience, o programa oficial de experi\u00eancias da marca alem\u00e3 chega \u00e0 2018 completamente reformulado. Al\u00e9m dos cursos de pilotagem dentro e fora de estrada e dos passeios e viagens em grupo, a temporada traz atra\u00e7\u00f5es in\u00e9ditas.<\/span><\/h4>\n<p style=\"text-align: justify;\"><a href=\"https:\/\/www.noticiasmotociclisticas.com\/wp-content\/uploads\/2018\/04\/BMW-Rider-Experience-2018-2.jpg\"><img loading=\"lazy\" decoding=\"async\" class=\"aligncenter size-full wp-image-31627\" src=\"https:\/\/www.noticiasmotociclisticas.com\/wp-content\/uploads\/2018\/04\/BMW-Rider-Experience-2018-2.jpg\" alt=\"bmw-rider-experience-2018-2\" width=\"620\" height=\"464\" \/><\/a>Entre elas, est\u00e1 o &#8220;Rider Training High Performance&#8221;, um treinamento direcionado aos interessados em pilotagem de alta performance e o &#8220;Rider Training G310R On Road&#8221;, indicado a pilotos com pouca experi\u00eancia e para o p\u00fablico feminino, que ser\u00e1 ministrado com motocicletas BMW G310R e GS, em percursos de asfalto.<\/p>\n<p style=\"text-align: justify;\">Outra novidade \u00e9 a chegada do piloto Bruno Corano, que acaba de assumir a supervis\u00e3o do programa e \u00e9 um dos respons\u00e1veis por sua reformula\u00e7\u00e3o. Clientes e f\u00e3s da BMW tamb\u00e9m ter\u00e3o acesso a novos conte\u00fados de cl\u00ednicas, workshops e palestras. Ainda assim, temas de grande interesse como mec\u00e2nica para viagem, defini\u00e7\u00e3o de percursos e navega\u00e7\u00e3o por GPS foram mantidos no programa.<\/p>\n<p style=\"text-align: justify;\">O &#8220;Rider Day&#8221;, passeios de um dia, ao ar livre, organizados em parceria com as concession\u00e1rias por regi\u00f5es pr\u00f3ximas \u00e0s revendas, tamb\u00e9m seguem na programa\u00e7\u00e3o, assim como o &#8220;Rider Weekend&#8221;, viagens de fim de semana, com roteiro de dois dias e o &#8220;Personal Rider&#8221;, que tem como principal caracter\u00edstica aulas individuais ou para grupos de at\u00e9 quatro alunos.<\/p>\n<p style=\"text-align: justify;\">O mesmo vale para o &#8220;Rider Expedition&#8221;, um dos principais destaques do programa, que consiste de viagens de longa dist\u00e2ncia, incluindo roteiros nacionais e internacionais. Os destinos, datas e custos de investimento das atividades em 2018 ser\u00e3o divulgados brevemente. Os cursos ser\u00e3o ministrados em diversas loca\u00e7\u00f5es, entre elas o Campo de Provas da Pirelli e o Haras Tuiuti, no interior de S\u00e3o Paulo.<\/p>\n<p><script async src=\"\/\/pagead2.googlesyndication.com\/pagead\/js\/adsbygoogle.js\"><\/script><br \/>\n<ins class=\"adsbygoogle\" style=\"display: block; text-align: center;\" data-ad-layout=\"in-article\" data-ad-format=\"fluid\" data-ad-client=\"ca-pub-8336138695442191\" data-ad-slot=\"1728792253\"><\/ins><script>\n     (adsbygoogle = window.adsbygoogle || []).push({});\n<\/script><\/p>\n<table border=\"0\" width=\"100%\" cellspacing=\"0\" cellpadding=\"0\">\n<tbody>\n<tr>\n<td><strong>Atividade<\/strong><\/td>\n<td><strong>Descri\u00e7\u00e3o<\/strong><\/td>\n<td><strong>Dura\u00e7\u00e3o<\/strong><\/td>\n<\/tr>\n<tr>\n<td>Rider Training \u2018On Road\u2019<\/td>\n<td>Agora em dois n\u00edveis de treinamento, curso de pilotagem defensiva, explora t\u00e9cnicas de seguran\u00e7a, habilidade e equil\u00edbrio; com no\u00e7\u00f5es de controle da motocicleta em baixa velocidade, como desviar rapidamente da trajet\u00f3ria, praticar frenagens de emerg\u00eancia e diferentes posi\u00e7\u00f5es em curvas.<\/td>\n<td>9 horas<\/td>\n<\/tr>\n<tr>\n<td>Rider Training \u2018Off Road\u2019<\/td>\n<td>Tamb\u00e9m em dois n\u00edveis de treinamento, curso de pilotagem defensiva, com no\u00e7\u00f5es de controle da moto em subidas e descidas, inclui ainda parada de emerg\u00eancia no topo, pr\u00e1ticas de frenagem e troncos paralelos.<\/td>\n<td>9 horas<\/td>\n<\/tr>\n<tr>\n<td>Personal Rider<\/td>\n<td>Voltado para atender \u00e0s necessidades individuais dos participantes, bem como desenvolver ainda mais a sua t\u00e9cnica de pilotagem, permitindo o aprimoramento tanto no \u2018On\u2019 como no \u2018Off Road\u2019. Inclui ainda treinamentos personalizados e idealizados para grupos de no m\u00e1ximo quatro participantes, com total exclusividade.<\/td>\n<td>1 dia<\/td>\n<\/tr>\n<tr>\n<td>Rider Day<\/td>\n<td>Uma experi\u00eancia especial, de um dia, para os amantes das duas rodas, promovido pelo BMW Rider Experience, em parceria com as concession\u00e1rias autorizadas da marca.<\/td>\n<td>1 dia<\/td>\n<\/tr>\n<tr>\n<td>Rider Weekend<\/td>\n<td>Final de semana diferenciando sobre duas rodas, com passeios e treinamentos \u2018On\u2019 e \u2018Off Road\u2019.<\/td>\n<td>2 dias<\/td>\n<\/tr>\n<tr>\n<td>Rider Expedition Nacional e Internacional<\/td>\n<td>Viagens elaboradas em grupos, com roteiros nacionais e internacionais. Inclui programas diferenciados de hospedagem, gastronomia e cultura. Tudo pensado para motociclistas aventureiros.<\/td>\n<td>10 dias<\/td>\n<\/tr>\n<tr>\n<td>Rider Training G 310 \u2018On Road\u2019<\/td>\n<td>Voltado para pilotos pouco experientes e para o p\u00fablico feminino, utiliza motocicletas BMW G 310 R e GS<\/td>\n<td>1 dia<\/td>\n<\/tr>\n<tr>\n<td>Rider Training High Performance<\/td>\n<td>Ministra t\u00e9cnicas esportivas para pilotos com interesse em desempenho de alta performance<\/td>\n<td>1 dia<\/td>\n<\/tr>\n<tr>\n<td>Palestras<\/td>\n<td>Aborda temas de interesse dos clientes ministradas nas concession\u00e1rias.<\/td>\n<td>1 dia<\/td>\n<\/tr>\n<tr>\n<td>\u00a0Workshops<\/td>\n<td>\u00a0Mec\u00e2nica para viagem, defini\u00e7\u00e3o de roteiros, navega\u00e7\u00e3o por GPS est\u00e3o entre os temas abordados nas cl\u00ednicas.<\/td>\n<td>1 dia<\/td>\n<\/tr>\n<\/tbody>\n<\/table>\n<p><script async src=\"\/\/pagead2.googlesyndication.com\/pagead\/js\/adsbygoogle.js\"><\/script><br \/>\n<ins class=\"adsbygoogle\" style=\"display: block;\" data-ad-client=\"ca-pub-8336138695442191\" data-ad-slot=\"8337706066\" data-ad-format=\"auto\"><\/ins><script>\n(adsbygoogle = window.adsbygoogle || []).push({});\n<\/script><\/p>\n","protected":false},"excerpt":{"rendered":"<p>O BMW Rider Experience, o programa oficial de experi\u00eancias da marca alem\u00e3 chega \u00e0 2018 completamente reformulado. Al\u00e9m<\/p>\n","protected":false},"author":2,"featured_media":0,"comment_status":"closed","ping_status":"closed","sticky":false,"template":"","format":"standard","meta":{"footnotes":""},"categories":[2635,12],"tags":[855,2370,1601,878],"class_list":["post-31623","post","type-post","status-publish","format-standard","hentry","category-eventos","category-noticias","tag-bmw-motorrad","tag-bmw-rider-experience","tag-eventos","tag-noticias"],"_links":{"self":[{"href":"https:\/\/noticiasmotociclisticas.com.br\/index.php?rest_route=\/wp\/v2\/posts\/31623","targetHints":{"allow":["GET"]}}],"collection":[{"href":"https:\/\/noticiasmotociclisticas.com.br\/index.php?rest_route=\/wp\/v2\/posts"}],"about":[{"href":"https:\/\/noticiasmotociclisticas.com.br\/index.php?rest_route=\/wp\/v2\/types\/post"}],"author":[{"embeddable":true,"href":"https:\/\/noticiasmotociclisticas.com.br\/index.php?rest_route=\/wp\/v2\/users\/2"}],"replies":[{"embeddable":true,"href":"https:\/\/noticiasmotociclisticas.com.br\/index.php?rest_route=%2Fwp%2Fv2%2Fcomments&post=31623"}],"version-history":[{"count":4,"href":"https:\/\/noticiasmotociclisticas.com.br\/index.php?rest_route=\/wp\/v2\/posts\/31623\/revisions"}],"predecessor-version":[{"id":31629,"href":"https:\/\/noticiasmotociclisticas.com.br\/index.php?rest_route=\/wp\/v2\/posts\/31623\/revisions\/31629"}],"wp:attachment":[{"href":"https:\/\/noticiasmotociclisticas.com.br\/index.php?rest_route=%2Fwp%2Fv2%2Fmedia&parent=31623"}],"wp:term":[{"taxonomy":"category","embeddable":true,"href":"https:\/\/noticiasmotociclisticas.com.br\/index.php?rest_route=%2Fwp%2Fv2%2Fcategories&post=31623"},{"taxonomy":"post_tag","embeddable":true,"href":"https:\/\/noticiasmotociclisticas.com.br\/index.php?rest_route=%2Fwp%2Fv2%2Ftags&post=31623"}],"curies":[{"name":"wp","href":"https:\/\/api.w.org\/{rel}","templated":true}]}}