{"id":12066,"date":"2016-02-29T16:40:42","date_gmt":"2016-02-29T19:40:42","guid":{"rendered":"https:\/\/www.noticiasmotociclisticas.com\/?p=12066"},"modified":"2016-02-29T17:15:00","modified_gmt":"2016-02-29T20:15:00","slug":"yamaha-motogp-uma-gelada-sessao-de-fotos-no-mont-blanc","status":"publish","type":"post","link":"https:\/\/noticiasmotociclisticas.com.br\/?p=12066","title":{"rendered":"Yamaha MotoGP: uma gelada sess\u00e3o de fotos no Mont Blanc"},"content":{"rendered":"<p><script src=\"\/\/pagead2.googlesyndication.com\/pagead\/js\/adsbygoogle.js\" async=\"\"><\/script><!-- Bloco de an\u00fancio 1 --> <ins class=\"adsbygoogle\" style=\"display: block;\" data-ad-client=\"ca-pub-8336138695442191\" data-ad-slot=\"8337706066\" data-ad-format=\"auto\"><\/ins><script>\/\/ <![CDATA[\n(adsbygoogle = window.adsbygoogle || []).push({});\n\/\/ ]]><\/script><\/p>\n<h4 style=\"text-align: justify;\"><span style=\"color: #ff0000;\">A equipe Yamaha MotoGP teve um \u00faltimo compromisso publicit\u00e1rio antes de rumar ao Catar para os \u00faltimos testes pr\u00e9-temporada: uma sess\u00e3o de fotos no Mont Blanc Massif, a \u00e0 3466 metros de altura!<\/span><\/h4>\n<p style=\"text-align: justify;\"><a href=\"https:\/\/www.noticiasmotociclisticas.com\/wp-content\/uploads\/2016\/02\/Yamaha-MotoGP-Mont-Blanc-Massif-2016.jpg\"><img loading=\"lazy\" decoding=\"async\" class=\"aligncenter wp-image-12068\" src=\"https:\/\/www.noticiasmotociclisticas.com\/wp-content\/uploads\/2016\/02\/Yamaha-MotoGP-Mont-Blanc-Massif-2016.jpg\" alt=\"Yamaha MotoGP Mont Blanc Massif 2016\" width=\"620\" height=\"413\" \/><\/a>Incrustado entre a Fran\u00e7a, It\u00e1lia e Su\u00ed\u00e7a, o Mont Blanc Massif (Maci\u00e7o do Monte Branco) foi o local escolhido para a realiza\u00e7\u00e3o de um projeto especial entre Yamaha Motor Racing e o banco de dados fotogr\u00e1ficos, Getty Images.<\/p>\n<p style=\"text-align: justify;\">Eles levaram duas motos YZR-M1 para o &#8220;Punta Helbronner&#8221;, um dos cumes do Mont Blanc Massif, normalmente apenas aproveitado por entusiastas dos esportes de inverno. Em uma sess\u00e3o de dois dias, as m\u00e1quinas #46 e #99 foram capturadas pelas lentes do fot\u00f3grafo Guido De Bortoli.<\/p>\n<p style=\"text-align: justify;\">Representando a Getty Images, De Bortoli ainda viajou do terra\u00e7o panor\u00e2mico em Punta Helbronner at\u00e9 a cidade de Courmayeur utilizando o novo &#8220;SkyWay&#8221;, telef\u00e9rico que liga os dois pontos e que foi inaugurado no ano passado.<\/p>\n<p style=\"text-align: justify;\">Ironicamente, o ensaio fotogr\u00e1fico reflete bem o clima g\u00e9lido entre os pilotos da Yamaha, Valentino Rossi e Jorge Lorenzo, cuja rela\u00e7\u00e3o esfriou de vez ap\u00f3s a pol\u00eamica decis\u00e3o de t\u00edtulo de 2015. Os dois voltar\u00e3o a se encontrar no calor do circuito de Losail nessa quarta-feira (2) para a \u00faltima sess\u00e3o de testes coletivos antes da primeira prova, dia 20.<\/p>\n<p><iframe loading=\"lazy\" src=\"https:\/\/www.youtube.com\/embed\/LFGl7hePQFs\" width=\"655\" height=\"517\" frameborder=\"0\" allowfullscreen=\"allowfullscreen\"><\/iframe><\/p>\n<p><script src=\"\/\/pagead2.googlesyndication.com\/pagead\/js\/adsbygoogle.js\" async=\"\"><\/script><!-- Bloco de an\u00fancio 1 --> <ins class=\"adsbygoogle\" style=\"display: block;\" data-ad-client=\"ca-pub-8336138695442191\" data-ad-slot=\"8337706066\" data-ad-format=\"auto\"><\/ins><script>\/\/ <![CDATA[\n(adsbygoogle = window.adsbygoogle || []).push({});\n\/\/ ]]><\/script><\/p>\n","protected":false},"excerpt":{"rendered":"<p>A equipe Yamaha MotoGP teve um \u00faltimo compromisso publicit\u00e1rio antes de rumar ao Catar para os \u00faltimos testes<\/p>\n","protected":false},"author":2,"featured_media":0,"comment_status":"open","ping_status":"open","sticky":false,"template":"","format":"standard","meta":{"footnotes":""},"categories":[7],"tags":[1467,1468,62,668,13],"class_list":["post-12066","post","type-post","status-publish","format-standard","hentry","category-motogp","tag-getty-images","tag-guido-de-bortoli","tag-jorge-lorenzo","tag-movistar-yamaha-motogp","tag-valentino-rossi"],"_links":{"self":[{"href":"https:\/\/noticiasmotociclisticas.com.br\/index.php?rest_route=\/wp\/v2\/posts\/12066","targetHints":{"allow":["GET"]}}],"collection":[{"href":"https:\/\/noticiasmotociclisticas.com.br\/index.php?rest_route=\/wp\/v2\/posts"}],"about":[{"href":"https:\/\/noticiasmotociclisticas.com.br\/index.php?rest_route=\/wp\/v2\/types\/post"}],"author":[{"embeddable":true,"href":"https:\/\/noticiasmotociclisticas.com.br\/index.php?rest_route=\/wp\/v2\/users\/2"}],"replies":[{"embeddable":true,"href":"https:\/\/noticiasmotociclisticas.com.br\/index.php?rest_route=%2Fwp%2Fv2%2Fcomments&post=12066"}],"version-history":[{"count":2,"href":"https:\/\/noticiasmotociclisticas.com.br\/index.php?rest_route=\/wp\/v2\/posts\/12066\/revisions"}],"predecessor-version":[{"id":12070,"href":"https:\/\/noticiasmotociclisticas.com.br\/index.php?rest_route=\/wp\/v2\/posts\/12066\/revisions\/12070"}],"wp:attachment":[{"href":"https:\/\/noticiasmotociclisticas.com.br\/index.php?rest_route=%2Fwp%2Fv2%2Fmedia&parent=12066"}],"wp:term":[{"taxonomy":"category","embeddable":true,"href":"https:\/\/noticiasmotociclisticas.com.br\/index.php?rest_route=%2Fwp%2Fv2%2Fcategories&post=12066"},{"taxonomy":"post_tag","embeddable":true,"href":"https:\/\/noticiasmotociclisticas.com.br\/index.php?rest_route=%2Fwp%2Fv2%2Ftags&post=12066"}],"curies":[{"name":"wp","href":"https:\/\/api.w.org\/{rel}","templated":true}]}}